{"id":83398,"date":"2026-01-09T07:41:57","date_gmt":"2026-01-09T11:41:57","guid":{"rendered":"https:\/\/mediamonitorbo.com.bo\/?p=16300"},"modified":"2026-01-09T07:42:20","modified_gmt":"2026-01-09T11:42:20","slug":"el-gobierno-descarta-retirar-a-petrobras-de-tariquia","status":"publish","type":"post","link":"https:\/\/jms.com.bo\/mediamonitor\/2026\/01\/09\/el-gobierno-descarta-retirar-a-petrobras-de-tariquia\/","title":{"rendered":"El Gobierno descarta retirar a Petrobras de Tariqu\u00eda"},"content":{"rendered":"<p style=\"text-align: justify\">El conflicto en torno a la Reserva Nacional de Flora y Fauna Tariqu\u00eda contin\u00faa escalando y mantiene en vilo a la poblaci\u00f3n tarije\u00f1a. En este contexto, para este viernes se tiene prevista la realizaci\u00f3n de una audiencia p\u00fablica informativa en el Patio del Cabildo de la ciudad de Tarija, un espacio en el que se espera la participaci\u00f3n de comunarios del Cant\u00f3n de Chiquiac\u00e1 que rechazan el ingreso de las petroleras, as\u00ed como de representantes del Gobierno nacional que defienden la intervenci\u00f3n de Petrobras Bolivia en el pozo exploratorio Domo Oso X-3 (DMO X-3).<\/p>\n<p style=\"text-align: justify\">La convocatoria se da luego de una semana marcada por una creciente tensi\u00f3n social, tras el ingreso de un contingente policial que abri\u00f3 paso a la empresa petrolera, rebasando el punto de vigilia que los comunarios mantienen desde finales de 2025 en defensa de la reserva natural.<\/p>\n<p style=\"text-align: justify\">Escalada del conflicto y rechazo<\/p>\n<p style=\"text-align: justify\">La intervenci\u00f3n policial gener\u00f3 una ola de repudio en Tarija. Diversas instituciones, colectivos ambientales y ciudadanos expresaron su rechazo a lo que califican como un atropello a los derechos de las comunidades y a la normativa ambiental vigente.<\/p>\n<p style=\"text-align: justify\">Este malestar se reflej\u00f3 en una marcha realizada el pasado mi\u00e9rcoles por las principales calles de la capital chapaca, donde los manifestantes exigieron el retiro de las petroleras de Tariqu\u00eda y el respeto al proceso de consulta previa, libre e informada.<\/p>\n<p style=\"text-align: justify\">Los movilizados advirtieron que los comunarios no fueron debidamente informados sobre el proyecto y denunciaron que la supuesta consulta se habr\u00eda realizado solo con algunos dirigentes, quienes \u2014seg\u00fan los denunciantes\u2014 habr\u00edan sido persuadidos mediante ofrecimientos econ\u00f3micos.<\/p>\n<p style=\"text-align: justify\">A este escenario se sum\u00f3 la Defensor\u00eda del Pueblo, que inst\u00f3 al Gobierno nacional a cumplir con la normativa vigente y observ\u00f3 que no se habr\u00eda respetado el proceso de consulta previa conforme a los est\u00e1ndares nacionales e internacionales. Adem\u00e1s, la instituci\u00f3n defensorial conden\u00f3 el inicio de procesos penales contra 17 comunarios que defienden la Reserva de Tariqu\u00eda, advirtiendo que se estar\u00eda incurriendo en la criminalizaci\u00f3n de defensores de derechos humanos en asuntos ambientales.<\/p>\n<p style=\"text-align: justify\">La audiencia p\u00fablica en Tarija<\/p>\n<p style=\"text-align: justify\">En medio de este clima de confrontaci\u00f3n, la Brigada Parlamentaria de Tarija decidi\u00f3 convocar a una audiencia p\u00fablica informativa que se llevar\u00e1 a cabo este viernes desde las 15.00 horas en el auditorio del Patio del Cabildo, con el objetivo de generar un espacio de informaci\u00f3n y di\u00e1logo entre las partes involucradas.<\/p>\n<p style=\"text-align: justify\">El presidente de la Brigada Parlamentaria, Gabriel Corvera, se\u00f1al\u00f3 que la finalidad del encuentro es escuchar ambas posiciones: por un lado, la de los comunarios que se oponen al ingreso de las petroleras a Tariqu\u00eda, y por otro, los argumentos t\u00e9cnicos y legales que el Gobierno expone para justificar la actividad hidrocarbur\u00edfera en la zona.<\/p>\n<p style=\"text-align: justify\">Desde el Cant\u00f3n de Chiquiac\u00e1, una comitiva de comunarios confirm\u00f3 que se trasladar\u00e1 hasta la ciudad de Tarija para participar de la audiencia y exponer p\u00fablicamente las razones de su rechazo al proyecto DMO X-3.<\/p>\n<p style=\"text-align: justify\">La activista ambiental y defensora de Tariqu\u00eda, Nelly Coca, explic\u00f3 que la mayor\u00eda de las comunidades del cant\u00f3n se oponen al ingreso de las petroleras debido al riesgo de contaminaci\u00f3n de sus fuentes de agua. Record\u00f3 que experiencias similares en otras \u00e1reas protegidas, como la Reserva del Aguarag\u00fce, dejaron pasivos ambientales que contaminaron quebradas y provocaron la muerte de animales.<\/p>\n<p style=\"text-align: justify\">Coca advirti\u00f3 que la actividad petrolera se proyecta en una zona de recarga h\u00eddrica, lo que implicar\u00eda un riesgo inminente para los acu\u00edferos aguas abajo, de los cuales dependen tanto las comunidades como su ganado. \u201cNuestra prioridad es el agua y la vida, no estamos dispuestos a sacrificar eso\u201d, sostuvo.<\/p>\n<p style=\"text-align: justify\">La dirigente enfatiz\u00f3 que los comunarios han cerrado filas y mantienen una postura firme, no permitir el ingreso de las petroleras y exigir el respeto al medio ambiente, considerando que Tariqu\u00eda es uno de los principales humedales que garantizan el abastecimiento de agua al valle central de Tarija.<\/p>\n<p style=\"text-align: justify\">Asimismo, cuestion\u00f3 la afirmaci\u00f3n del Gobierno de que el proyecto se encuentra fuera de la reserva. Advirti\u00f3 que el desarrollo integral del campo petrolero implica infraestructura y actividades que afectar\u00edan directamente el interior de Tariqu\u00eda.<\/p>\n<p style=\"text-align: justify\">Postura del Gobierno<\/p>\n<p style=\"text-align: justify\">Por su parte, el viceministro de Exploraci\u00f3n y Explotaci\u00f3n de Hidrocarburos, Caleb Montes Velarde, quien arrib\u00f3 a la capital tarije\u00f1a, asegur\u00f3 que el Gobierno est\u00e1 dispuesto a transparentar toda la informaci\u00f3n relacionada con el proyecto. Argument\u00f3 que el pozo DMO X-3 se encuentra a 1,2 kil\u00f3metros fuera de la Reserva de Tariqu\u00eda y que cuenta con todos los documentos exigidos por la normativa, como la licencia ambiental y la licencia p\u00fablica.<\/p>\n<p style=\"text-align: justify\">Montes sostuvo que la consigna del Gobierno es que \u201cTariqu\u00eda no se toca\u201d y que, precisamente por ello, se busca informar a la poblaci\u00f3n sobre los alcances del proyecto. No obstante, descart\u00f3 cualquier posibilidad de retirar a Petrobras de la zona, se\u00f1alando que existe un contrato vigente y que el Estado tiene la obligaci\u00f3n de cumplirlo.<\/p>\n<p style=\"text-align: justify\">Universitarios refuerzan la vigilia<\/p>\n<p style=\"text-align: justify\">Mientras se aguarda el desarrollo de la audiencia p\u00fablica, el respaldo a los comunarios tambi\u00e9n se hace sentir en territorio. Un grupo de aproximadamente 15 universitarios se traslad\u00f3 desde la ciudad de Tarija hasta el punto de vigilia en la Quebrada Las Vacas, en el Cant\u00f3n de Chiquiac\u00e1, para apoyar a las comunidades que desde finales de 2025 resguardan el ingreso a la zona.<\/p>\n<p style=\"text-align: justify\">Los j\u00f3venes se\u00f1alaron que su presencia busca visibilizar la defensa del medio ambiente y acompa\u00f1ar a los comunarios que, d\u00eda tras d\u00eda, contin\u00faan resistiendo pese a ser rebasados por operativos policiales. La vigilia se mantiene como uno de los principales focos de resistencia frente al avance de la actividad petrolera en Tariqu\u00eda.<\/p>\n<p style=\"text-align: justify\">Senadora alista una ley<\/p>\n<p style=\"text-align: justify\">La senadora por Tarija, Marcela Guerrero, expres\u00f3 su repudio a la versi\u00f3n del Gobierno por afirmar que \u201cTariqu\u00eda no se toca\u201d, pero en los hechos hacen otra cosa. Ratific\u00f3 que la postura de los tarije\u00f1os es que no quieren petroleras en torno a la reserva, por ello es que est\u00e1 impulsando un proyecto de ley nacional que proh\u00edba de forma definitiva toda actividad petrolera en la reserva y la zona de amortiguamiento, anule contratos viciados de anteriores gobiernos, auditor\u00edas ambientales y cerrar con este conflicto que vulnera los derechos humanos de los habitantes de la zona.<\/p>\n","protected":false},"excerpt":{"rendered":"<p>El conflicto en torno a la Reserva Nacional de Flora y Fauna Tariqu\u00eda contin\u00faa escalando y mantiene en vilo a la poblaci\u00f3n tarije\u00f1a. En este contexto, para este viernes se tiene prevista la realizaci\u00f3n de una audiencia p\u00fablica informativa en el Patio del Cabildo de la ciudad de Tarija, un espacio en el que se [&hellip;]<\/p>\n","protected":false},"author":1,"featured_media":83399,"comment_status":"closed","ping_status":"open","sticky":false,"template":"","format":"standard","meta":{"footnotes":""},"categories":[40,23,48,43],"tags":[],"class_list":{"0":"post-83398","1":"post","2":"type-post","3":"status-publish","4":"format-standard","5":"has-post-thumbnail","7":"category-bolivia","8":"category-hidrocarburos","9":"category-portada-general-sitio","10":"category-portada-oil-gas"},"_links":{"self":[{"href":"https:\/\/jms.com.bo\/mediamonitor\/wp-json\/wp\/v2\/posts\/83398","targetHints":{"allow":["GET"]}}],"collection":[{"href":"https:\/\/jms.com.bo\/mediamonitor\/wp-json\/wp\/v2\/posts"}],"about":[{"href":"https:\/\/jms.com.bo\/mediamonitor\/wp-json\/wp\/v2\/types\/post"}],"author":[{"embeddable":true,"href":"https:\/\/jms.com.bo\/mediamonitor\/wp-json\/wp\/v2\/users\/1"}],"replies":[{"embeddable":true,"href":"https:\/\/jms.com.bo\/mediamonitor\/wp-json\/wp\/v2\/comments?post=83398"}],"version-history":[{"count":1,"href":"https:\/\/jms.com.bo\/mediamonitor\/wp-json\/wp\/v2\/posts\/83398\/revisions"}],"predecessor-version":[{"id":83400,"href":"https:\/\/jms.com.bo\/mediamonitor\/wp-json\/wp\/v2\/posts\/83398\/revisions\/83400"}],"wp:featuredmedia":[{"embeddable":true,"href":"https:\/\/jms.com.bo\/mediamonitor\/wp-json\/wp\/v2\/media\/83399"}],"wp:attachment":[{"href":"https:\/\/jms.com.bo\/mediamonitor\/wp-json\/wp\/v2\/media?parent=83398"}],"wp:term":[{"taxonomy":"category","embeddable":true,"href":"https:\/\/jms.com.bo\/mediamonitor\/wp-json\/wp\/v2\/categories?post=83398"},{"taxonomy":"post_tag","embeddable":true,"href":"https:\/\/jms.com.bo\/mediamonitor\/wp-json\/wp\/v2\/tags?post=83398"}],"curies":[{"name":"wp","href":"https:\/\/api.w.org\/{rel}","templated":true}]}}