{"id":83424,"date":"2026-01-12T07:30:15","date_gmt":"2026-01-12T11:30:15","guid":{"rendered":"https:\/\/mediamonitorbo.com.bo\/?p=16340"},"modified":"2026-01-12T07:30:15","modified_gmt":"2026-01-12T11:30:15","slug":"mafias-promueven-el-conflicto-paz-dice-que-el-ds-5503-cumplio-su-funcion-y-confirma-nuevo-decreto","status":"publish","type":"post","link":"https:\/\/jms.com.bo\/mediamonitor\/2026\/01\/12\/mafias-promueven-el-conflicto-paz-dice-que-el-ds-5503-cumplio-su-funcion-y-confirma-nuevo-decreto\/","title":{"rendered":"\u201cMafias promueven el conflicto\u201d: Paz dice que el DS 5503 cumpli\u00f3 su funci\u00f3n y confirma nuevo decreto"},"content":{"rendered":"<p style=\"text-align: justify\">En un mensaje difundido cerca de la medianoche de este domingo, el presidente Rodrigo Paz afirm\u00f3 que el Decreto Supremo 5503 \u201ccumpli\u00f3 su funci\u00f3n de conquista econ\u00f3mica y conquista social\u201d, y que ahora se dar\u00e1 paso a un nuevo decreto.<\/p>\n<p style=\"text-align: justify\">\u201cNecesitamos un nuevo decreto. Bolivia necesita orden, control y estabilidad, pero sobre todo crecer, por ese motivo comenzar\u00e1 la etapa que dar\u00e1 lugar a un nuevo decreto para consolidar nuestras conquistas econ\u00f3micas y sociales, para consolidar el crecimiento de la patria\u201d, indic\u00f3 Paz acompa\u00f1ado de su gabinete de ministros.<\/p>\n<p style=\"text-align: justify\">Este pronunciamiento surge despu\u00e9s de que un equipo de seis ministros lograra suscribir un acuerdo con la Central Obrera Boliviana (COB) para poner fin a las protestas sociales con la abrogaci\u00f3n del DS 5503 y la elaboraci\u00f3n de otra normativa manteniendo la eliminaci\u00f3n de la subvenci\u00f3n a los carburantes y otras medidas econ\u00f3micas.<\/p>\n<p style=\"text-align: justify\">\u201cEsto es gobernar con responsabilidad y autoridad para que las reformas sean duraderas y no vulnerables al sabotaje pol\u00edtico, al sabotaje de las mafias\u201d, sostuvo.<\/p>\n<p style=\"text-align: justify\">Dirigentes<\/p>\n<p style=\"text-align: justify\">El mandatario se\u00f1al\u00f3 que \u201chay muy buenos dirigentes\u201d que conocieron en el proceso de di\u00e1logo con m\u00e1s de 160 organizaciones.<\/p>\n<p style=\"text-align: justify\">\u201cHay dirigentes honestos y transparentes, pero tambi\u00e9n hay dirigentes que mienten y se ocultan detr\u00e1s del bloqueo, detr\u00e1s de esas mafias que promueven el conflicto mientras protegen sus privilegios\u201d, asegur\u00f3.<\/p>\n<p style=\"text-align: justify\">Agreg\u00f3 que, por eso, respetando a los buenos dirigentes, personalmente bajar\u00e1 a hablar con las bases en los siguientes meses.<\/p>\n<p style=\"text-align: justify\">\u201cMafias promueven el conflicto\u201d: Paz dice que el DS 5503 cumpli\u00f3 su funci\u00f3n y confirma nuevo decreto<\/p>\n<p style=\"text-align: justify\">Di\u00e1logo<\/p>\n<p style=\"text-align: justify\">Enfatiz\u00f3 que su gobierno \u201cno le teme al di\u00e1logo ni a la verdad\u201d.<\/p>\n<p style=\"text-align: justify\">\u201cCompatriotas, el di\u00e1logo con estas m\u00e1s de 160 organizaciones gener\u00f3 una decisi\u00f3n (de nuevo decreto) de un gobierno que gobierna\u201d, sostuvo.<br \/>\nPero tambi\u00e9n insisti\u00f3 en que \u201cBolivia no vuelve atr\u00e1s\u201d.<\/p>\n<p style=\"text-align: justify\">\u201cBolivia no retrocede ni un paso ni para el impulso en sus conquistas econ\u00f3micas ni sociales. Bolivia no negocia con los corruptos, por eso ya estamos metiendo a varios a la c\u00e1rcel\u201d, dijo.<\/p>\n<p style=\"text-align: justify\">Indic\u00f3 que Bolivia tiene que avanzar con orden, justicia, dignidad y, especialmente, con la cultura de la confianza.<\/p>\n<p style=\"text-align: justify\">\u201cVamos a salir adelante, eso no se negocia, la patria no se negocia, vamos a salir adelante\u201d, puntualiz\u00f3.<\/p>\n","protected":false},"excerpt":{"rendered":"<p>En un mensaje difundido cerca de la medianoche de este domingo, el presidente Rodrigo Paz afirm\u00f3 que el Decreto Supremo 5503 \u201ccumpli\u00f3 su funci\u00f3n de conquista econ\u00f3mica y conquista social\u201d, y que ahora se dar\u00e1 paso a un nuevo decreto. \u201cNecesitamos un nuevo decreto. Bolivia necesita orden, control y estabilidad, pero sobre todo crecer, por [&hellip;]<\/p>\n","protected":false},"author":1,"featured_media":83425,"comment_status":"closed","ping_status":"open","sticky":false,"template":"","format":"standard","meta":{"footnotes":""},"categories":[18,48,46],"tags":[],"class_list":{"0":"post-83424","1":"post","2":"type-post","3":"status-publish","4":"format-standard","5":"has-post-thumbnail","7":"category-politica","8":"category-portada-general-sitio","9":"category-portada-politica"},"_links":{"self":[{"href":"https:\/\/jms.com.bo\/mediamonitor\/wp-json\/wp\/v2\/posts\/83424","targetHints":{"allow":["GET"]}}],"collection":[{"href":"https:\/\/jms.com.bo\/mediamonitor\/wp-json\/wp\/v2\/posts"}],"about":[{"href":"https:\/\/jms.com.bo\/mediamonitor\/wp-json\/wp\/v2\/types\/post"}],"author":[{"embeddable":true,"href":"https:\/\/jms.com.bo\/mediamonitor\/wp-json\/wp\/v2\/users\/1"}],"replies":[{"embeddable":true,"href":"https:\/\/jms.com.bo\/mediamonitor\/wp-json\/wp\/v2\/comments?post=83424"}],"version-history":[{"count":0,"href":"https:\/\/jms.com.bo\/mediamonitor\/wp-json\/wp\/v2\/posts\/83424\/revisions"}],"wp:featuredmedia":[{"embeddable":true,"href":"https:\/\/jms.com.bo\/mediamonitor\/wp-json\/wp\/v2\/media\/83425"}],"wp:attachment":[{"href":"https:\/\/jms.com.bo\/mediamonitor\/wp-json\/wp\/v2\/media?parent=83424"}],"wp:term":[{"taxonomy":"category","embeddable":true,"href":"https:\/\/jms.com.bo\/mediamonitor\/wp-json\/wp\/v2\/categories?post=83424"},{"taxonomy":"post_tag","embeddable":true,"href":"https:\/\/jms.com.bo\/mediamonitor\/wp-json\/wp\/v2\/tags?post=83424"}],"curies":[{"name":"wp","href":"https:\/\/api.w.org\/{rel}","templated":true}]}}