{"id":83430,"date":"2026-01-12T07:37:35","date_gmt":"2026-01-12T11:37:35","guid":{"rendered":"https:\/\/mediamonitorbo.com.bo\/?p=16349"},"modified":"2026-01-12T07:37:35","modified_gmt":"2026-01-12T11:37:35","slug":"lara-llegara-a-tariquia-para-verificar-los-trabajos-de-petrobras","status":"publish","type":"post","link":"https:\/\/jms.com.bo\/mediamonitor\/2026\/01\/12\/lara-llegara-a-tariquia-para-verificar-los-trabajos-de-petrobras\/","title":{"rendered":"Lara llegar\u00e1 a Tariqu\u00eda para verificar los trabajos de Petrobras"},"content":{"rendered":"<p style=\"text-align: justify\">El vicepresidente del Estado, Edmand Lara, anunci\u00f3 su arribo a la ciudad de Tarija para el martes 13 de enero, con la finalidad de visitar la Reserva Natural de Tariqu\u00eda, zona en conflicto por el ingreso de la empresa Petrobras para la exploraci\u00f3n del pozo Domo Oso-X3.<\/p>\n<p style=\"text-align: justify\">Lara asegur\u00f3 que los personeros del Ministerio de Hidrocarburos mienten al asegurar que cumplieron todas las normas para permitir el ingreso de la empresa brasilera.<\/p>\n<p style=\"text-align: justify\">\u201cEsto se debe a la materializaci\u00f3n del Decreto 5503, como dijimos anteriormente, pone al servicio de empresas extranjeras nuestros recursos naturales sin ning\u00fan control\u201d, dijo el Vicepresidente, al asegurar que el proyecto Domo Oso-X3 no tiene un estudio ambiental y tampoco se hizo la consulta previa entre los comunarios de la zona a ser intervenida.<\/p>\n<p style=\"text-align: justify\">\u201cSe est\u00e1 jugando con el medio ambiente, se est\u00e1 poniendo en riesgo la Reserva ecol\u00f3gica de Tariqu\u00eda, que es el pulm\u00f3n de Tarija\u201d, recalc\u00f3.<\/p>\n<p style=\"text-align: justify\">Ante esas supuestas irregularidades, el Vicepresidente envi\u00f3 notas al presidente de la C\u00e1mara de Diputados y de Senadores pidiendo la conformaci\u00f3n de comisiones de investigaci\u00f3n, para que se trasladen a Tarija y recaben informaci\u00f3n sobre el proyecto gas\u00edfero. Mientras que parlamentarios de PDC han hecho peticiones de informe para que el Ministerio de Medio Ambiente informe sobre el contrato firmado con Petrobras.<\/p>\n<p style=\"text-align: justify\">\u201cNo estamos en contra del desarrollo econ\u00f3mico del pa\u00eds, de lo que estamos en contra es de la contaminaci\u00f3n, de que maten la flora y fauna de este pa\u00eds, de que destruyan lo poco que tenemos en ecosistema y biodiversidad\u201d, recalc\u00f3.<\/p>\n<p style=\"text-align: justify\">As\u00ed, Lara anunci\u00f3 que el martes arribar\u00e1 a Tarija, para ir a Tariqu\u00eda y realizar las verificaciones necesarias. No descarta tomar \u201cacciones legales\u201d.<\/p>\n","protected":false},"excerpt":{"rendered":"<p>El vicepresidente del Estado, Edmand Lara, anunci\u00f3 su arribo a la ciudad de Tarija para el martes 13 de enero, con la finalidad de visitar la Reserva Natural de Tariqu\u00eda, zona en conflicto por el ingreso de la empresa Petrobras para la exploraci\u00f3n del pozo Domo Oso-X3. Lara asegur\u00f3 que los personeros del Ministerio de [&hellip;]<\/p>\n","protected":false},"author":1,"featured_media":83431,"comment_status":"closed","ping_status":"open","sticky":false,"template":"","format":"standard","meta":{"footnotes":""},"categories":[25,45,48],"tags":[],"class_list":{"0":"post-83430","1":"post","2":"type-post","3":"status-publish","4":"format-standard","5":"has-post-thumbnail","7":"category-economia","8":"category-portada-economia","9":"category-portada-general-sitio"},"_links":{"self":[{"href":"https:\/\/jms.com.bo\/mediamonitor\/wp-json\/wp\/v2\/posts\/83430","targetHints":{"allow":["GET"]}}],"collection":[{"href":"https:\/\/jms.com.bo\/mediamonitor\/wp-json\/wp\/v2\/posts"}],"about":[{"href":"https:\/\/jms.com.bo\/mediamonitor\/wp-json\/wp\/v2\/types\/post"}],"author":[{"embeddable":true,"href":"https:\/\/jms.com.bo\/mediamonitor\/wp-json\/wp\/v2\/users\/1"}],"replies":[{"embeddable":true,"href":"https:\/\/jms.com.bo\/mediamonitor\/wp-json\/wp\/v2\/comments?post=83430"}],"version-history":[{"count":0,"href":"https:\/\/jms.com.bo\/mediamonitor\/wp-json\/wp\/v2\/posts\/83430\/revisions"}],"wp:featuredmedia":[{"embeddable":true,"href":"https:\/\/jms.com.bo\/mediamonitor\/wp-json\/wp\/v2\/media\/83431"}],"wp:attachment":[{"href":"https:\/\/jms.com.bo\/mediamonitor\/wp-json\/wp\/v2\/media?parent=83430"}],"wp:term":[{"taxonomy":"category","embeddable":true,"href":"https:\/\/jms.com.bo\/mediamonitor\/wp-json\/wp\/v2\/categories?post=83430"},{"taxonomy":"post_tag","embeddable":true,"href":"https:\/\/jms.com.bo\/mediamonitor\/wp-json\/wp\/v2\/tags?post=83430"}],"curies":[{"name":"wp","href":"https:\/\/api.w.org\/{rel}","templated":true}]}}