{"id":83432,"date":"2026-01-12T07:42:25","date_gmt":"2026-01-12T11:42:25","guid":{"rendered":"https:\/\/mediamonitorbo.com.bo\/?p=16355"},"modified":"2026-01-12T07:42:25","modified_gmt":"2026-01-12T11:42:25","slug":"anticipa-el-problema-gobierno-advierte-sobre-el-abastecimiento-de-combustibles-en-los-proximos-dias-por-bloqueos","status":"publish","type":"post","link":"https:\/\/jms.com.bo\/mediamonitor\/2026\/01\/12\/anticipa-el-problema-gobierno-advierte-sobre-el-abastecimiento-de-combustibles-en-los-proximos-dias-por-bloqueos\/","title":{"rendered":"Anticipa el problema: Gobierno advierte sobre el abastecimiento de combustibles en los pr\u00f3ximos d\u00edas por bloqueos"},"content":{"rendered":"<p style=\"text-align: justify\">El Gobierno advirti\u00f3 que en los pr\u00f3ximos d\u00edas podr\u00edan registrarse dificultades en el abastecimiento de combustibles, principalmente di\u00e9sel, como consecuencia del incremento de los bloqueos de caminos impulsados por sectores sociales que rechazan el Decreto Supremo 5503. As\u00ed lo se\u00f1al\u00f3 el ministro de Miner\u00eda, Marco Antonio Calder\u00f3n, quien atribuy\u00f3 cualquier eventual escasez a las medidas de presi\u00f3n y no a la pol\u00edtica de eliminaci\u00f3n de la subvenci\u00f3n.<\/p>\n<p style=\"text-align: justify\">\u201cHoy tenemos di\u00e9sel todos los d\u00edas, en cantidades suficientes. Si en los pr\u00f3ximos d\u00edas se presentan problemas de abastecimiento, ser\u00e1 \u00fanicamente por los bloqueos\u201d, afirm\u00f3 la autoridad en Panamericana, al remarcar que el Estado logr\u00f3 regularizar la provisi\u00f3n del carburante tras levantar la subvenci\u00f3n.<\/p>\n<p style=\"text-align: justify\">Calder\u00f3n explic\u00f3 que, pese al contexto de conflictividad social \u2014con reportes de hasta 69 puntos de bloqueo en el pa\u00eds\u2014, el Gobierno considera que existe una \u201cmadurez\u201d en la poblaci\u00f3n para comprender que la subvenci\u00f3n a los combustibles ya no era sostenible. \u201cLa subvenci\u00f3n era muy costosa y definitivamente no es viable. Eso lo entienden la mayor\u00eda de los bolivianos\u201d, sostuvo.<\/p>\n<p style=\"text-align: justify\">Di\u00e9sel garantizado para la actividad minera<\/p>\n<p style=\"text-align: justify\">El ministro rechaz\u00f3 las versiones que se\u00f1alan que el Decreto 5503 pretende entregar recursos naturales o flexibilizar contratos sin control legislativo, particularmente en el sector minero. Aclar\u00f3 que cualquier contrato de explotaci\u00f3n o exploraci\u00f3n debe seguir el procedimiento legal vigente y ser ratificado por la Asamblea Legislativa.<\/p>\n<p style=\"text-align: justify\">\u201cNo es cierto que se est\u00e9 firmando contratos de manera r\u00e1pida y sin revisi\u00f3n. Todo contrato pasa por la Autoridad Administrativa Minera o Comibol y luego debe ser aprobado por la Asamblea\u201d, enfatiz\u00f3.<\/p>\n<p style=\"text-align: justify\">Sobre el impacto del retiro de la subvenci\u00f3n en la miner\u00eda, Calder\u00f3n sostuvo que el di\u00e9sel es un insumo fundamental para la operaci\u00f3n minera, tanto en el transporte como en el funcionamiento de maquinaria pesada, y que la regularidad en el suministro es m\u00e1s importante que el precio subsidiado.<\/p>\n<p style=\"text-align: justify\">\u201cAntes hab\u00eda di\u00e9sel uno o dos d\u00edas y se perd\u00edan jornadas enteras de trabajo. Hoy hay di\u00e9sel los siete d\u00edas de la semana. La p\u00e9rdida por no producir es mucho mayor que pagar el precio actual\u201d, explic\u00f3.<\/p>\n<p style=\"text-align: justify\">Asimismo, se\u00f1al\u00f3 que con la nueva normativa se redujeron tr\u00e1mites y requisitos para acceder al combustible, eliminando pr\u00e1cticas de corrupci\u00f3n vinculadas a la asignaci\u00f3n de cupos y el contrabando. \u201cHoy el di\u00e9sel se paga a 9,80 bolivianos, cuando antes llegaban a pagar 15, 18 o hasta 20 bolivianos por litro\u201d, indic\u00f3.<\/p>\n<p style=\"text-align: justify\">Bloqueos ponen en riesgo el suministro<\/p>\n<p style=\"text-align: justify\">El ministro insisti\u00f3 en que el abastecimiento est\u00e1 garantizado para empresas privadas, cooperativas y empresas estatales, como Huanuni y Corocoro, as\u00ed como para la producci\u00f3n de explosivos utilizados en miner\u00eda. Sin embargo, alert\u00f3 que la continuidad de los bloqueos podr\u00eda afectar la log\u00edstica de distribuci\u00f3n.<\/p>\n<p style=\"text-align: justify\">\u201cSi hay dificultades en los pr\u00f3ximos d\u00edas, no ser\u00e1 por falta de planificaci\u00f3n del Estado, sino por la interrupci\u00f3n de carreteras. El Gobierno ha ordenado la casa para asegurar un suministro permanente\u201d, reiter\u00f3.<\/p>\n<p style=\"text-align: justify\">Finalmente, Calder\u00f3n no descart\u00f3 nuevas reuniones con dirigentes del sector minero para ajustar observaciones al decreto y canalizarlas por la v\u00eda institucional, en mesas t\u00e9cnicas o mediante la Asamblea Legislativa, con el objetivo de evitar una mayor escalada del conflicto social.<\/p>\n","protected":false},"excerpt":{"rendered":"<p>El Gobierno advirti\u00f3 que en los pr\u00f3ximos d\u00edas podr\u00edan registrarse dificultades en el abastecimiento de combustibles, principalmente di\u00e9sel, como consecuencia del incremento de los bloqueos de caminos impulsados por sectores sociales que rechazan el Decreto Supremo 5503. As\u00ed lo se\u00f1al\u00f3 el ministro de Miner\u00eda, Marco Antonio Calder\u00f3n, quien atribuy\u00f3 cualquier eventual escasez a las medidas [&hellip;]<\/p>\n","protected":false},"author":1,"featured_media":83433,"comment_status":"closed","ping_status":"open","sticky":false,"template":"","format":"standard","meta":{"footnotes":""},"categories":[40,23],"tags":[],"class_list":{"0":"post-83432","1":"post","2":"type-post","3":"status-publish","4":"format-standard","5":"has-post-thumbnail","7":"category-bolivia","8":"category-hidrocarburos"},"_links":{"self":[{"href":"https:\/\/jms.com.bo\/mediamonitor\/wp-json\/wp\/v2\/posts\/83432","targetHints":{"allow":["GET"]}}],"collection":[{"href":"https:\/\/jms.com.bo\/mediamonitor\/wp-json\/wp\/v2\/posts"}],"about":[{"href":"https:\/\/jms.com.bo\/mediamonitor\/wp-json\/wp\/v2\/types\/post"}],"author":[{"embeddable":true,"href":"https:\/\/jms.com.bo\/mediamonitor\/wp-json\/wp\/v2\/users\/1"}],"replies":[{"embeddable":true,"href":"https:\/\/jms.com.bo\/mediamonitor\/wp-json\/wp\/v2\/comments?post=83432"}],"version-history":[{"count":0,"href":"https:\/\/jms.com.bo\/mediamonitor\/wp-json\/wp\/v2\/posts\/83432\/revisions"}],"wp:featuredmedia":[{"embeddable":true,"href":"https:\/\/jms.com.bo\/mediamonitor\/wp-json\/wp\/v2\/media\/83433"}],"wp:attachment":[{"href":"https:\/\/jms.com.bo\/mediamonitor\/wp-json\/wp\/v2\/media?parent=83432"}],"wp:term":[{"taxonomy":"category","embeddable":true,"href":"https:\/\/jms.com.bo\/mediamonitor\/wp-json\/wp\/v2\/categories?post=83432"},{"taxonomy":"post_tag","embeddable":true,"href":"https:\/\/jms.com.bo\/mediamonitor\/wp-json\/wp\/v2\/tags?post=83432"}],"curies":[{"name":"wp","href":"https:\/\/api.w.org\/{rel}","templated":true}]}}