{"id":83438,"date":"2026-01-13T07:21:14","date_gmt":"2026-01-13T11:21:14","guid":{"rendered":"https:\/\/mediamonitorbo.com.bo\/?p=16374"},"modified":"2026-01-13T07:21:14","modified_gmt":"2026-01-13T11:21:14","slug":"arancel-cero-a-farmacos-importados-debilitara-produccion-nacional-cifabol","status":"publish","type":"post","link":"https:\/\/jms.com.bo\/mediamonitor\/2026\/01\/13\/arancel-cero-a-farmacos-importados-debilitara-produccion-nacional-cifabol\/","title":{"rendered":"Arancel cero a f\u00e1rmacos importados debilitar\u00e1 producci\u00f3n nacional: Cifabol"},"content":{"rendered":"<p style=\"text-align: justify\">El presidente de la C\u00e1mara de la Industria Farmac\u00e9utica Boliviana (Cifabol), Javier Lupo, expres\u00f3 su preocupaci\u00f3n por la exclusi\u00f3n del sector productivo farmac\u00e9utico nacional en las mesas de trabajo que se realizan con el Ministerio de Salud. Alert\u00f3 que medidas como un arancel cero a medicamentos puede desincentivar la producci\u00f3n nacional.<\/p>\n<p style=\"text-align: justify\">El directivo subray\u00f3 que cualquier decisi\u00f3n de este tipo debe construirse mediante di\u00e1logo con el sector directamente interesado.<\/p>\n<p style=\"text-align: justify\">Dijo que el sector est\u00e1 preocupado porque se pretende aprobar disposiciones que afectan directamente a la industria farmac\u00e9utica sin la participaci\u00f3n ni el consenso de los mismos, que es la que garantiza la producci\u00f3n y el abastecimiento en el mercado interno.<\/p>\n<p style=\"text-align: justify\">\u201cNos llama profundamente la atenci\u00f3n que se pretendan aprobar disposiciones relacionadas directamente al sector medicamentos sin previo consenso de la industria farmac\u00e9utica boliviana\u201d, dijo citado en un reporte institucional.<\/p>\n<p style=\"text-align: justify\">Asimismo, lament\u00f3 que no se est\u00e9 considerando los esfuerzos del sector productivo, la sostenibilidad de la producci\u00f3n local de medicamentos y sus efectos.<\/p>\n<p style=\"text-align: justify\">\u201cSe requieren pol\u00edticas p\u00fablicas que preserven el equilibrio entre la disponibilidad, calidad y la viabilidad econ\u00f3mica. Se debe evitar medidas que generen efectos no deseados como el desabastecimiento, la reducci\u00f3n de la oferta o el desincentivo a la producci\u00f3n\u201d, enfatiz\u00f3.<\/p>\n<p style=\"text-align: justify\">El titular de Cifabol remarc\u00f3 que la aplicaci\u00f3n de un arancel cero a medicamentos y dispositivos importados puede agravar la desigualdad competitiva que ya enfrenta la industria nacional, que compite con m\u00e1s de 900 empresas importadoras.<\/p>\n<p style=\"text-align: justify\">Crisis<\/p>\n<p style=\"text-align: justify\">En ese contexto, explic\u00f3 que en la industria farmac\u00e9utica boliviana surgen dudas sobre si el Gobierno ha dise\u00f1ado otras medidas que promuevan y fortalezcan la producci\u00f3n local de medicamentos o si la pol\u00edtica p\u00fablica se limitar\u00e1 \u00fanicamente a alentar la importaci\u00f3n, debilitando a los fabricantes nacionales.<\/p>\n<p style=\"text-align: justify\">Lupo a\u00f1adi\u00f3 que tambi\u00e9n existe incertidumbre sobre si el arancel cero incluir\u00e1 materias primas, ingredientes farmac\u00e9uticos activos, excipientes y material de acondicionamiento, insumos esenciales para la producci\u00f3n local.<\/p>\n<p style=\"text-align: justify\">Indic\u00f3 que por declaraciones de otros representantes del sector salud, tomaron conocimiento sobre medidas que pretenden aplicarse en el sector como el arancel cero para la importaci\u00f3n de medicamentos, reactivos y material m\u00e9dico.<\/p>\n<p style=\"text-align: justify\">\u201cDebemos manifestarle nuestro formal reclamo y preocupaci\u00f3n por el hecho que no estamos convocados a mesa alguna de trabajo al respecto\u201d, puntualiz\u00f3.<\/p>\n<p style=\"text-align: justify\">En ese sentido, Cifabol envi\u00f3 una nota y solicita a la ministra de Salud y Deportes, Marcela Flores Zambrana, que convoque al sector y los considere en las mesas de trabajo en las que se analizan las disposiciones relacionadas con medicamentos, con el objetivo de construir soluciones que aseguren tanto el acceso de la poblaci\u00f3n como el fortalecimiento de la industria farmac\u00e9utica boliviana.<\/p>\n","protected":false},"excerpt":{"rendered":"<p>El presidente de la C\u00e1mara de la Industria Farmac\u00e9utica Boliviana (Cifabol), Javier Lupo, expres\u00f3 su preocupaci\u00f3n por la exclusi\u00f3n del sector productivo farmac\u00e9utico nacional en las mesas de trabajo que se realizan con el Ministerio de Salud. Alert\u00f3 que medidas como un arancel cero a medicamentos puede desincentivar la producci\u00f3n nacional. El directivo subray\u00f3 que [&hellip;]<\/p>\n","protected":false},"author":1,"featured_media":83439,"comment_status":"closed","ping_status":"open","sticky":false,"template":"","format":"standard","meta":{"footnotes":""},"categories":[53],"tags":[],"class_list":{"0":"post-83438","1":"post","2":"type-post","3":"status-publish","4":"format-standard","5":"has-post-thumbnail","7":"category-salud"},"_links":{"self":[{"href":"https:\/\/jms.com.bo\/mediamonitor\/wp-json\/wp\/v2\/posts\/83438","targetHints":{"allow":["GET"]}}],"collection":[{"href":"https:\/\/jms.com.bo\/mediamonitor\/wp-json\/wp\/v2\/posts"}],"about":[{"href":"https:\/\/jms.com.bo\/mediamonitor\/wp-json\/wp\/v2\/types\/post"}],"author":[{"embeddable":true,"href":"https:\/\/jms.com.bo\/mediamonitor\/wp-json\/wp\/v2\/users\/1"}],"replies":[{"embeddable":true,"href":"https:\/\/jms.com.bo\/mediamonitor\/wp-json\/wp\/v2\/comments?post=83438"}],"version-history":[{"count":0,"href":"https:\/\/jms.com.bo\/mediamonitor\/wp-json\/wp\/v2\/posts\/83438\/revisions"}],"wp:featuredmedia":[{"embeddable":true,"href":"https:\/\/jms.com.bo\/mediamonitor\/wp-json\/wp\/v2\/media\/83439"}],"wp:attachment":[{"href":"https:\/\/jms.com.bo\/mediamonitor\/wp-json\/wp\/v2\/media?parent=83438"}],"wp:term":[{"taxonomy":"category","embeddable":true,"href":"https:\/\/jms.com.bo\/mediamonitor\/wp-json\/wp\/v2\/categories?post=83438"},{"taxonomy":"post_tag","embeddable":true,"href":"https:\/\/jms.com.bo\/mediamonitor\/wp-json\/wp\/v2\/tags?post=83438"}],"curies":[{"name":"wp","href":"https:\/\/api.w.org\/{rel}","templated":true}]}}