{"id":83440,"date":"2026-01-13T07:22:39","date_gmt":"2026-01-13T11:22:39","guid":{"rendered":"https:\/\/mediamonitorbo.com.bo\/?p=16377"},"modified":"2026-01-13T07:22:39","modified_gmt":"2026-01-13T11:22:39","slug":"comite-multisectorial-repudia-continuidad-de-bloqueos-y-exige-garantizar-la-transitabilidad-de-carreteras","status":"publish","type":"post","link":"https:\/\/jms.com.bo\/mediamonitor\/2026\/01\/13\/comite-multisectorial-repudia-continuidad-de-bloqueos-y-exige-garantizar-la-transitabilidad-de-carreteras\/","title":{"rendered":"Comit\u00e9 Multisectorial repudia continuidad de bloqueos y exige garantizar la transitabilidad de carreteras"},"content":{"rendered":"<p style=\"text-align: justify\">El Comit\u00e9 Multisectorial repudi\u00f3 este lunes la continuidad de los bloqueos de carreteras, pese al acuerdo alcanzado el domingo entre el Gobierno y la dirigencia de la Central Obrera Boliviana (COB) para dejar sin efecto las medidas de presi\u00f3n que, seg\u00fan el sector, han generado millonarias p\u00e9rdidas a la cadena de abastecimiento.<\/p>\n<p style=\"text-align: justify\">Klaus Frerking, presidente de la C\u00e1mara Agropecuaria del Oriente (CAO), destac\u00f3 que el acuerdo mantiene la eliminaci\u00f3n de la subvenci\u00f3n a los combustibles y afirm\u00f3 que, pese al impacto que esta medida tiene en los sectores productivos, no se asumieron acciones de presi\u00f3n, considerando la situaci\u00f3n econ\u00f3mica que atraviesa el pa\u00eds.<\/p>\n<p style=\"text-align: justify\">\u201cRepudiamos la continuidad de los bloqueos como mecanismo de protesta, una pr\u00e1ctica que desde hace m\u00e1s de dos d\u00e9cadas viene destruyendo la econom\u00eda nacional\u201d, afirm\u00f3 Frerking.<\/p>\n<p style=\"text-align: justify\">El dirigente lament\u00f3 que se retroceda en la aplicaci\u00f3n de medidas econ\u00f3micas y que no se implementen acciones estructurales para revertir la coyuntura adversa, lo que, a su juicio, implica insistir en un modelo econ\u00f3mico que ha fracasado y ha conducido al pa\u00eds a una profunda crisis.<\/p>\n<p style=\"text-align: justify\">Ante el riesgo de una mayor afectaci\u00f3n econ\u00f3mica, el Comit\u00e9 Multisectorial demand\u00f3 dejar las rutas expeditas y garantizar la transitabilidad durante los 365 d\u00edas del a\u00f1o, adem\u00e1s de promulgar una ley antibloqueos y aplicar normas y decretos propuestos por los sectores que forman parte de la cadena de abastecimiento.<\/p>\n<p style=\"text-align: justify\">Asimismo, exigi\u00f3 seguridad jur\u00eddica para quienes producen e invierten en Bolivia, al considerar que este es un factor clave para la reactivaci\u00f3n econ\u00f3mica.<\/p>\n<p style=\"text-align: justify\">Finalmente, el Comit\u00e9 Multisectorial convoc\u00f3 al presidente Rodrigo Paz a reunirse con el sector para poner en marcha medidas de alto impacto que permitan impulsar la econom\u00eda nacional.<\/p>\n<p style=\"text-align: justify\">\u201cLos sectores que generan da\u00f1o al pa\u00eds no representan a la poblaci\u00f3n. Exigimos que las autoridades competentes cumplan su rol, gobiernen y apliquen las normas para sancionar a quienes provocan perjuicios a los productores y a la poblaci\u00f3n en general\u201d, concluy\u00f3 Frerking.<\/p>\n","protected":false},"excerpt":{"rendered":"<p>El Comit\u00e9 Multisectorial repudi\u00f3 este lunes la continuidad de los bloqueos de carreteras, pese al acuerdo alcanzado el domingo entre el Gobierno y la dirigencia de la Central Obrera Boliviana (COB) para dejar sin efecto las medidas de presi\u00f3n que, seg\u00fan el sector, han generado millonarias p\u00e9rdidas a la cadena de abastecimiento. Klaus Frerking, presidente [&hellip;]<\/p>\n","protected":false},"author":1,"featured_media":83441,"comment_status":"closed","ping_status":"open","sticky":false,"template":"","format":"standard","meta":{"footnotes":""},"categories":[57],"tags":[],"class_list":{"0":"post-83440","1":"post","2":"type-post","3":"status-publish","4":"format-standard","5":"has-post-thumbnail","7":"category-alimentos-y-agroindustria"},"_links":{"self":[{"href":"https:\/\/jms.com.bo\/mediamonitor\/wp-json\/wp\/v2\/posts\/83440","targetHints":{"allow":["GET"]}}],"collection":[{"href":"https:\/\/jms.com.bo\/mediamonitor\/wp-json\/wp\/v2\/posts"}],"about":[{"href":"https:\/\/jms.com.bo\/mediamonitor\/wp-json\/wp\/v2\/types\/post"}],"author":[{"embeddable":true,"href":"https:\/\/jms.com.bo\/mediamonitor\/wp-json\/wp\/v2\/users\/1"}],"replies":[{"embeddable":true,"href":"https:\/\/jms.com.bo\/mediamonitor\/wp-json\/wp\/v2\/comments?post=83440"}],"version-history":[{"count":0,"href":"https:\/\/jms.com.bo\/mediamonitor\/wp-json\/wp\/v2\/posts\/83440\/revisions"}],"wp:featuredmedia":[{"embeddable":true,"href":"https:\/\/jms.com.bo\/mediamonitor\/wp-json\/wp\/v2\/media\/83441"}],"wp:attachment":[{"href":"https:\/\/jms.com.bo\/mediamonitor\/wp-json\/wp\/v2\/media?parent=83440"}],"wp:term":[{"taxonomy":"category","embeddable":true,"href":"https:\/\/jms.com.bo\/mediamonitor\/wp-json\/wp\/v2\/categories?post=83440"},{"taxonomy":"post_tag","embeddable":true,"href":"https:\/\/jms.com.bo\/mediamonitor\/wp-json\/wp\/v2\/tags?post=83440"}],"curies":[{"name":"wp","href":"https:\/\/api.w.org\/{rel}","templated":true}]}}