{"id":83444,"date":"2026-01-13T07:25:04","date_gmt":"2026-01-13T11:25:04","guid":{"rendered":"https:\/\/mediamonitorbo.com.bo\/?p=16383"},"modified":"2026-01-13T07:25:04","modified_gmt":"2026-01-13T11:25:04","slug":"carniceros-declaran-paro-indefinido","status":"publish","type":"post","link":"https:\/\/jms.com.bo\/mediamonitor\/2026\/01\/13\/carniceros-declaran-paro-indefinido\/","title":{"rendered":"Carniceros declaran paro indefinido"},"content":{"rendered":"<p style=\"text-align: justify\">La Confederaci\u00f3n Nacional de Trabajadores en Carne de Bolivia (Contracabol) declar\u00f3 paro indefinido y movilizaci\u00f3n a escala nacional desde las 00:00 del lunes 12 de enero, en rechazo a los decretos supremos 5503, 5509 y 5515, una decisi\u00f3n que amenaza con profundizar el desabastecimiento de alimentos y la presi\u00f3n sobre los precios en las ciudades del pa\u00eds.<\/p>\n<p style=\"text-align: justify\">De acuerdo con el voto resolutivo aprobado por su Comit\u00e9 Ejecutivo Nacional, la medida instruye el cierre de mataderos, c\u00e1maras frigor\u00edficas, ferias, mercados y puestos de venta de carne, como parte de una \u201cpresi\u00f3n contundente\u201d para exigir la abrogaci\u00f3n total de las normas cuestionadas. El instructivo establece adem\u00e1s que todas las federaciones, asociaciones y sectores afiliados deber\u00e1n acatar la determinaci\u00f3n sin excepci\u00f3n.<\/p>\n<p style=\"text-align: justify\">El sector c\u00e1rnico se declar\u00f3 en \u201cestado de emergencia\u201d y justific\u00f3 la paralizaci\u00f3n como una acci\u00f3n en defensa de los trabajadores del rubro y de la canasta familiar. Sin embargo, la decisi\u00f3n se adopta en un contexto de alta conflictividad social en Bolivia, donde los bloqueos de caminos impulsados por otros sectores ya han afectado el transporte interdepartamental y provocado alzas en los precios de productos b\u00e1sicos, especialmente en el occidente del pa\u00eds.<br \/>\nLa paralizaci\u00f3n del circuito de la carne a\u00f1ade un nuevo frente de presi\u00f3n a una econom\u00eda golpeada por restricciones log\u00edsticas, menor oferta de alimentos y un clima de incertidumbre para comerciantes y consumidores. En los mercados urbanos, la carne es uno de los productos m\u00e1s sensibles a cualquier interrupci\u00f3n en la cadena de suministro, lo que anticipa un impacto inmediato en el bolsillo de la poblaci\u00f3n.<\/p>\n<p style=\"text-align: justify\">Mientras tanto, Contracabol sostiene que su medida busca proteger a los trabajadores y a la poblaci\u00f3n, analistas advierten que el cierre del rubro c\u00e1rnico, sumado a los bloqueos vigentes, traslada el costo del conflicto a los consumidores finales y agrava la escalada de precios, en un momento en el que el pa\u00eds ya enfrenta tensiones sociales y econ\u00f3micas crecientes.<\/p>\n<p style=\"text-align: justify\">El anuncio del paro indefinido refuerza el escenario de presi\u00f3n sobre el Gobierno; sin embargo, eleva el riesgo de desabastecimiento y malestar social, con efectos directos en la vida cotidiana de la poblaci\u00f3n. Es decir, la protesta avanza, pero la factura la paga la mesa familiar.<\/p>\n","protected":false},"excerpt":{"rendered":"<p>La Confederaci\u00f3n Nacional de Trabajadores en Carne de Bolivia (Contracabol) declar\u00f3 paro indefinido y movilizaci\u00f3n a escala nacional desde las 00:00 del lunes 12 de enero, en rechazo a los decretos supremos 5503, 5509 y 5515, una decisi\u00f3n que amenaza con profundizar el desabastecimiento de alimentos y la presi\u00f3n sobre los precios en las ciudades [&hellip;]<\/p>\n","protected":false},"author":1,"featured_media":83445,"comment_status":"closed","ping_status":"open","sticky":false,"template":"","format":"standard","meta":{"footnotes":""},"categories":[57],"tags":[],"class_list":{"0":"post-83444","1":"post","2":"type-post","3":"status-publish","4":"format-standard","5":"has-post-thumbnail","7":"category-alimentos-y-agroindustria"},"_links":{"self":[{"href":"https:\/\/jms.com.bo\/mediamonitor\/wp-json\/wp\/v2\/posts\/83444","targetHints":{"allow":["GET"]}}],"collection":[{"href":"https:\/\/jms.com.bo\/mediamonitor\/wp-json\/wp\/v2\/posts"}],"about":[{"href":"https:\/\/jms.com.bo\/mediamonitor\/wp-json\/wp\/v2\/types\/post"}],"author":[{"embeddable":true,"href":"https:\/\/jms.com.bo\/mediamonitor\/wp-json\/wp\/v2\/users\/1"}],"replies":[{"embeddable":true,"href":"https:\/\/jms.com.bo\/mediamonitor\/wp-json\/wp\/v2\/comments?post=83444"}],"version-history":[{"count":0,"href":"https:\/\/jms.com.bo\/mediamonitor\/wp-json\/wp\/v2\/posts\/83444\/revisions"}],"wp:featuredmedia":[{"embeddable":true,"href":"https:\/\/jms.com.bo\/mediamonitor\/wp-json\/wp\/v2\/media\/83445"}],"wp:attachment":[{"href":"https:\/\/jms.com.bo\/mediamonitor\/wp-json\/wp\/v2\/media?parent=83444"}],"wp:term":[{"taxonomy":"category","embeddable":true,"href":"https:\/\/jms.com.bo\/mediamonitor\/wp-json\/wp\/v2\/categories?post=83444"},{"taxonomy":"post_tag","embeddable":true,"href":"https:\/\/jms.com.bo\/mediamonitor\/wp-json\/wp\/v2\/tags?post=83444"}],"curies":[{"name":"wp","href":"https:\/\/api.w.org\/{rel}","templated":true}]}}