{"id":83450,"date":"2026-01-13T07:29:57","date_gmt":"2026-01-13T11:29:57","guid":{"rendered":"https:\/\/mediamonitorbo.com.bo\/?p=16392"},"modified":"2026-01-13T07:29:57","modified_gmt":"2026-01-13T11:29:57","slug":"la-cob-amenaza-al-gobierno-nacional-si-no-son-convocados-para-trabajar-en-el-nuevo-decreto","status":"publish","type":"post","link":"https:\/\/jms.com.bo\/mediamonitor\/2026\/01\/13\/la-cob-amenaza-al-gobierno-nacional-si-no-son-convocados-para-trabajar-en-el-nuevo-decreto\/","title":{"rendered":"La COB amenaza al gobierno nacional si no son convocados para trabajar en el nuevo decreto"},"content":{"rendered":"<p style=\"text-align: justify\">Mario Argollo, dirigente de la Central Obrera Boliviana (COB), amenaz\u00f3 que en caso de que el gobierno nacional promulgue un nuevo decreto sin la participaci\u00f3n ni socializaci\u00f3n con ese sector, se convocar\u00e1 a un nuevo ampliado a sus afiliados; mientras se mantiene el estado de emergencia.<\/p>\n<p style=\"text-align: justify\">\u00abHasta estas horas de la tarde y tenemos entendido que posiblemente est\u00e9n promulgando un nuevo decreto. Tenemos que denunciar esta falta al acuerdo nacional que hemos tenido. Tuvimos la buena fe de levantar los bloqueos antes de la abrogaci\u00f3n (del 5503) y promulgaci\u00f3n del nuevo decreto. Por eso nos sentimos defraudados\u00bb, manifest\u00f3 Argollo.<\/p>\n<p style=\"text-align: justify\">Asegur\u00f3 que el gobierno nacional est\u00e1 incumpliendo el acuerdo. Y observ\u00f3 que el Decreto Supremo 5503 se mantiene en la gaceta oficial. Ahora bien, en caso de promulgarse la nueva normativa, se incumplir\u00eda el acuerdo y ser\u00edan \u00ablas bases las que tomen determinaciones al respecto\u00bb, apunt\u00f3 Argollo.<\/p>\n<p style=\"text-align: justify\">El dirigente de la COB revel\u00f3 que fueron criticados por el acuerdo firmado; pero \u00abel gobierno est\u00e1 incumpliendo y esto ser\u00e1 debatido en el ampliado que se est\u00e1 convocando; ser\u00e1n las bases las que toman las decisiones al respecto\u00bb.<\/p>\n<p style=\"text-align: justify\">Para Argollo, se debe convocar a la comisi\u00f3n para trabajar en el nuevo decreto supremo, porque hay varios puntos que se deben tratar.<\/p>\n<p style=\"text-align: justify\">\u00abSe levantaron los bloqueos y el gobierno no est\u00e1 cumpliendo el acta. De aqu\u00ed en adelante, si se promulga un decreto, las consecuencias ser\u00e1n responsabilidad del gobierno nacional\u00bb, remarc\u00f3 Argollo.<\/p>\n<p style=\"text-align: justify\">Acuerdo<\/p>\n<p style=\"text-align: justify\">El domingo, el di\u00e1logo entre el Gobierno y la dirigencia de la Central Obrera Boliviana (COB) abri\u00f3 el camino a la pacificaci\u00f3n del pa\u00eds, tras acordar la elaboraci\u00f3n de una nueva normativa que mantendr\u00e1 las medidas econ\u00f3micas, como la eliminaci\u00f3n de la subvenci\u00f3n a los hidrocarburos. Como parte del acuerdo, la dirigencia orden\u00f3 levantar los bloqueos de carreteras que se manten\u00edan desde el pasado 6 de enero.<\/p>\n<p style=\"text-align: justify\">El acuerdo se suscribi\u00f3 el domingo en un encuentro realizado en el mercado Santa Rosa de la ciudad de El Alto, luego de un cuarto intermedio de una hora. A la reuni\u00f3n asistieron seis ministros Jos\u00e9 Luis Lupo (Presidencia), Gabriel Espinoza (Econom\u00eda), Marco Antonio Oviedo (Gobierno), \u00d3scar Mario Justiniano (Desarrollo Productivo), Beatriz Garc\u00eda (Educaci\u00f3n) y Tatiana Flores (Salud).<\/p>\n<p style=\"text-align: justify\">Seg\u00fan lo pactado, el Gobierno dispondr\u00e1 de una comisi\u00f3n que, junto a los actores movilizados y todos los sectores sociales, trabajar\u00e1 en la elaboraci\u00f3n del nuevo decreto.<\/p>\n","protected":false},"excerpt":{"rendered":"<p>Mario Argollo, dirigente de la Central Obrera Boliviana (COB), amenaz\u00f3 que en caso de que el gobierno nacional promulgue un nuevo decreto sin la participaci\u00f3n ni socializaci\u00f3n con ese sector, se convocar\u00e1 a un nuevo ampliado a sus afiliados; mientras se mantiene el estado de emergencia. \u00abHasta estas horas de la tarde y tenemos entendido [&hellip;]<\/p>\n","protected":false},"author":1,"featured_media":83451,"comment_status":"closed","ping_status":"open","sticky":false,"template":"","format":"standard","meta":{"footnotes":""},"categories":[49],"tags":[],"class_list":{"0":"post-83450","1":"post","2":"type-post","3":"status-publish","4":"format-standard","5":"has-post-thumbnail","7":"category-social"},"_links":{"self":[{"href":"https:\/\/jms.com.bo\/mediamonitor\/wp-json\/wp\/v2\/posts\/83450","targetHints":{"allow":["GET"]}}],"collection":[{"href":"https:\/\/jms.com.bo\/mediamonitor\/wp-json\/wp\/v2\/posts"}],"about":[{"href":"https:\/\/jms.com.bo\/mediamonitor\/wp-json\/wp\/v2\/types\/post"}],"author":[{"embeddable":true,"href":"https:\/\/jms.com.bo\/mediamonitor\/wp-json\/wp\/v2\/users\/1"}],"replies":[{"embeddable":true,"href":"https:\/\/jms.com.bo\/mediamonitor\/wp-json\/wp\/v2\/comments?post=83450"}],"version-history":[{"count":0,"href":"https:\/\/jms.com.bo\/mediamonitor\/wp-json\/wp\/v2\/posts\/83450\/revisions"}],"wp:featuredmedia":[{"embeddable":true,"href":"https:\/\/jms.com.bo\/mediamonitor\/wp-json\/wp\/v2\/media\/83451"}],"wp:attachment":[{"href":"https:\/\/jms.com.bo\/mediamonitor\/wp-json\/wp\/v2\/media?parent=83450"}],"wp:term":[{"taxonomy":"category","embeddable":true,"href":"https:\/\/jms.com.bo\/mediamonitor\/wp-json\/wp\/v2\/categories?post=83450"},{"taxonomy":"post_tag","embeddable":true,"href":"https:\/\/jms.com.bo\/mediamonitor\/wp-json\/wp\/v2\/tags?post=83450"}],"curies":[{"name":"wp","href":"https:\/\/api.w.org\/{rel}","templated":true}]}}