{"id":83452,"date":"2026-01-13T07:32:27","date_gmt":"2026-01-13T11:32:27","guid":{"rendered":"https:\/\/mediamonitorbo.com.bo\/?p=16398"},"modified":"2026-01-13T07:32:27","modified_gmt":"2026-01-13T11:32:27","slug":"defensoria-alerta-brecha-de-genero-en-candidaturas-subnacionales","status":"publish","type":"post","link":"https:\/\/jms.com.bo\/mediamonitor\/2026\/01\/13\/defensoria-alerta-brecha-de-genero-en-candidaturas-subnacionales\/","title":{"rendered":"Defensor\u00eda alerta brecha de g\u00e9nero en candidaturas subnacionales"},"content":{"rendered":"<p style=\"text-align: justify\">La Defensor\u00eda del Pueblo expres\u00f3 su preocupaci\u00f3n por la baja presencia de mujeres en las candidaturas habilitadas para las elecciones subnacionales del 22 de marzo y advirti\u00f3 una brecha de g\u00e9nero persistente.<\/p>\n<p style=\"text-align: justify\">El pronunciamiento se sustenta en el an\u00e1lisis de los datos oficiales publicados por el \u00d3rgano Electoral Plurinacional el pasado 11 de enero.<\/p>\n<p style=\"text-align: justify\">Seg\u00fan el reporte del Tribunal Supremo Electoral (TSE), de 74 candidaturas habilitadas a gobernaciones, solo ocho corresponden a mujeres, equivalente al 10,81%.<\/p>\n<p style=\"text-align: justify\">En contraste, 66 candidaturas, el 89,19%, est\u00e1n ocupadas por varones, lo que refleja una marcada desigualdad en el acceso a cargos ejecutivos departamentales.<\/p>\n<p style=\"text-align: justify\">Elecciones subnacionales<br \/>\nLa Defensor\u00eda se\u00f1al\u00f3 que una situaci\u00f3n similar se presenta en las alcald\u00edas de ciudades capital del pa\u00eds.<\/p>\n<p style=\"text-align: justify\">De un total de 108 candidaturas habilitadas, apenas 10 son mujeres, lo que representa el 9,26%, frente al 90,74% de postulaciones masculinas.<\/p>\n<p style=\"text-align: justify\">Para la instituci\u00f3n defensorial, estas cifras evidencian una exclusi\u00f3n estructural que vulnera los derechos pol\u00edticos de las mujeres bolivianas.<\/p>\n<p style=\"text-align: justify\">Record\u00f3 que la Constituci\u00f3n Pol\u00edtica del Estado (CPE), en su art\u00edculo 26, garantiza la participaci\u00f3n pol\u00edtica en condiciones de igualdad entre hombres y mujeres.<\/p>\n<p style=\"text-align: justify\">Asimismo, la Ley 026 del R\u00e9gimen Electoral establece la obligatoriedad de la paridad y alternancia en las candidaturas, como principio rector del sistema democr\u00e1tico.<\/p>\n<p style=\"text-align: justify\">A nivel internacional, la Defensor\u00eda advirti\u00f3 que este escenario contraviene la Convenci\u00f3n para la Eliminaci\u00f3n de Todas las Formas de Discriminaci\u00f3n contra la Mujer (CEDAW).<\/p>\n<p style=\"text-align: justify\">Mencion\u00f3 la Recomendaci\u00f3n General 40 del Comit\u00e9 CEDAW, aprobada en octubre de 2024, que fija la paridad como un \u201ctecho m\u00ednimo\u201d en los espacios de decisi\u00f3n.<\/p>\n<p style=\"text-align: justify\">En ese contexto, la Defensor\u00eda exhort\u00f3 a partidos, agrupaciones ciudadanas y alianzas a corregir estas asimetr\u00edas durante el periodo de sustituci\u00f3n de candidaturas.<\/p>\n<p style=\"text-align: justify\">El plazo para ese tr\u00e1mite se encuentra vigente hasta el 5 de febrero de 2026, conforme al calendario electoral.<\/p>\n<p style=\"text-align: justify\">Finalmente, pidi\u00f3 al TSE ejercer su rol de garante de la democracia intercultural y de g\u00e9nero, rechazando listas que no cumplan paridad vertical y horizontal.<\/p>\n","protected":false},"excerpt":{"rendered":"<p>La Defensor\u00eda del Pueblo expres\u00f3 su preocupaci\u00f3n por la baja presencia de mujeres en las candidaturas habilitadas para las elecciones subnacionales del 22 de marzo y advirti\u00f3 una brecha de g\u00e9nero persistente. El pronunciamiento se sustenta en el an\u00e1lisis de los datos oficiales publicados por el \u00d3rgano Electoral Plurinacional el pasado 11 de enero. Seg\u00fan [&hellip;]<\/p>\n","protected":false},"author":1,"featured_media":83453,"comment_status":"closed","ping_status":"open","sticky":false,"template":"","format":"standard","meta":{"footnotes":""},"categories":[20],"tags":[],"class_list":{"0":"post-83452","1":"post","2":"type-post","3":"status-publish","4":"format-standard","5":"has-post-thumbnail","7":"category-actualidad"},"_links":{"self":[{"href":"https:\/\/jms.com.bo\/mediamonitor\/wp-json\/wp\/v2\/posts\/83452","targetHints":{"allow":["GET"]}}],"collection":[{"href":"https:\/\/jms.com.bo\/mediamonitor\/wp-json\/wp\/v2\/posts"}],"about":[{"href":"https:\/\/jms.com.bo\/mediamonitor\/wp-json\/wp\/v2\/types\/post"}],"author":[{"embeddable":true,"href":"https:\/\/jms.com.bo\/mediamonitor\/wp-json\/wp\/v2\/users\/1"}],"replies":[{"embeddable":true,"href":"https:\/\/jms.com.bo\/mediamonitor\/wp-json\/wp\/v2\/comments?post=83452"}],"version-history":[{"count":0,"href":"https:\/\/jms.com.bo\/mediamonitor\/wp-json\/wp\/v2\/posts\/83452\/revisions"}],"wp:featuredmedia":[{"embeddable":true,"href":"https:\/\/jms.com.bo\/mediamonitor\/wp-json\/wp\/v2\/media\/83453"}],"wp:attachment":[{"href":"https:\/\/jms.com.bo\/mediamonitor\/wp-json\/wp\/v2\/media?parent=83452"}],"wp:term":[{"taxonomy":"category","embeddable":true,"href":"https:\/\/jms.com.bo\/mediamonitor\/wp-json\/wp\/v2\/categories?post=83452"},{"taxonomy":"post_tag","embeddable":true,"href":"https:\/\/jms.com.bo\/mediamonitor\/wp-json\/wp\/v2\/tags?post=83452"}],"curies":[{"name":"wp","href":"https:\/\/api.w.org\/{rel}","templated":true}]}}