{"id":83456,"date":"2026-01-13T07:39:25","date_gmt":"2026-01-13T11:39:25","guid":{"rendered":"https:\/\/mediamonitorbo.com.bo\/?p=16410"},"modified":"2026-01-13T07:39:25","modified_gmt":"2026-01-13T11:39:25","slug":"elecciones-subnacionales-tse-confirma-la-cancelacion-de-la-personeria-juridica-de-adn","status":"publish","type":"post","link":"https:\/\/jms.com.bo\/mediamonitor\/2026\/01\/13\/elecciones-subnacionales-tse-confirma-la-cancelacion-de-la-personeria-juridica-de-adn\/","title":{"rendered":"Elecciones subnacionales: TSE confirma la cancelaci\u00f3n de la personer\u00eda jur\u00eddica de ADN"},"content":{"rendered":"<p style=\"text-align: justify\">La sala plena del Tribunal Supremo Electoral (TSE) determin\u00f3 cancelar la personer\u00eda jur\u00eddica del partido pol\u00edtico Acci\u00f3n Democr\u00e1tica Nacionalista (ADN). La medida deja fuera de la carrera electoral a todos los candidatos inscritos por \u00e9ste partido o en alianza, adem\u00e1s de la militancia.<\/p>\n<p style=\"text-align: justify\">Al cumplirse esta medida, quedar\u00edan fuera de carrera tanto el candidato a la Gobernaci\u00f3n de Santa Cruz, Juan Carlos Medrano, como diversos candidatos a alcalde.<\/p>\n<p style=\"text-align: justify\">Fernando Arteaga, secretario de C\u00e1mara del TSE, inform\u00f3 que una vez conocida la resoluci\u00f3n del Tribunal Constitucional Plurinacional (TCP) sobre la situaci\u00f3n de ADN, la sala plena tom\u00f3 la decisi\u00f3n de cancelar la personer\u00eda jur\u00eddica.<\/p>\n<p style=\"text-align: justify\">El pasado jueves, el TCP rechaz\u00f3 el recurso interpuesto por ADN e instruy\u00f3 al Tribunal Supremo Electoral (TSE) continuar con el respectivo procedimiento para cancelar su personer\u00eda jur\u00eddica.<\/p>\n<p style=\"text-align: justify\">\u00abCon el auto Constitucional 0782\/2025 &#8211; CA el Tribunal Constitucional Plurinacional (TCP) deja sin efecto la resoluci\u00f3n del Tribunal Supremo Electoral TSE-RSP-JUR No 0170 de 7\/11\/2025 que dispon\u00eda una medida cautelar en favor del partido pol\u00edtico Acci\u00f3n Democr\u00e1tica Nacionalista (ADN) en una Acci\u00f3n de Inconstitucionalidad Concreta. Con este fallo la autoridad electoral debe continuar con el procedimiento de cancelaci\u00f3n de personer\u00eda jur\u00eddica de esta organizaci\u00f3n pol\u00edtica en cumplimiento del inciso b) par\u00e1grafo I, del art\u00edculo 58 de la Ley 1096 de Organizaciones Pol\u00edticas\u00bb, reza el reporte del TCP.<\/p>\n<p style=\"text-align: justify\">Por tanto, este lunes, la sala plena inform\u00f3 sobre la decisi\u00f3n tomada al respecto y aclar\u00f3 que esto afectar\u00e1 a los candidatos inscritos por ADN y en alianza, adem\u00e1s de la militancia.<\/p>\n<p style=\"text-align: justify\">Elecciones 2025<\/p>\n<p style=\"text-align: justify\">Acci\u00f3n Democr\u00e1tica Nacionalista (ADN) fue creado en 1987 por el expresidente Hugo Banzer Su\u00e1rez (1926-2002) y se despide de la vida pol\u00edtica de Bolivia despu\u00e9s de casi 40 a\u00f1os de actividad partidaria.<\/p>\n<p style=\"text-align: justify\">El Tribunal Supremo Electoral (TSE) emiti\u00f3, en agosto del 2025, los resultados oficiales del c\u00f3mputo de las elecciones. ADN no logr\u00f3 el 3% de todos los votos en los comicios del 17 de agosto.<\/p>\n<p style=\"text-align: justify\">En aquel entonces, el vocal del TSE, Tahuichi Tahuichi, explic\u00f3 a EL DEBER que tras la oficializaci\u00f3n de los resultados se activ\u00f3 el tr\u00e1mite de cancelaci\u00f3n de la personer\u00eda del partido pol\u00edtico. En la misma situaci\u00f3n est\u00e1 el partido pol\u00edtico del actual alcalde cruce\u00f1o, Unidad C\u00edvica Solidaridad (UCS).<\/p>\n<p style=\"text-align: justify\">\u201cNinguno de los dos ha logrado rebasar el 3% de los votos, por tanto, pierden su personer\u00eda jur\u00eddica\u201d, afirm\u00f3 la ahora, exautoridad electoral.<\/p>\n","protected":false},"excerpt":{"rendered":"<p>La sala plena del Tribunal Supremo Electoral (TSE) determin\u00f3 cancelar la personer\u00eda jur\u00eddica del partido pol\u00edtico Acci\u00f3n Democr\u00e1tica Nacionalista (ADN). La medida deja fuera de la carrera electoral a todos los candidatos inscritos por \u00e9ste partido o en alianza, adem\u00e1s de la militancia. Al cumplirse esta medida, quedar\u00edan fuera de carrera tanto el candidato a [&hellip;]<\/p>\n","protected":false},"author":1,"featured_media":83457,"comment_status":"closed","ping_status":"open","sticky":false,"template":"","format":"standard","meta":{"footnotes":""},"categories":[18,48,46],"tags":[],"class_list":{"0":"post-83456","1":"post","2":"type-post","3":"status-publish","4":"format-standard","5":"has-post-thumbnail","7":"category-politica","8":"category-portada-general-sitio","9":"category-portada-politica"},"_links":{"self":[{"href":"https:\/\/jms.com.bo\/mediamonitor\/wp-json\/wp\/v2\/posts\/83456","targetHints":{"allow":["GET"]}}],"collection":[{"href":"https:\/\/jms.com.bo\/mediamonitor\/wp-json\/wp\/v2\/posts"}],"about":[{"href":"https:\/\/jms.com.bo\/mediamonitor\/wp-json\/wp\/v2\/types\/post"}],"author":[{"embeddable":true,"href":"https:\/\/jms.com.bo\/mediamonitor\/wp-json\/wp\/v2\/users\/1"}],"replies":[{"embeddable":true,"href":"https:\/\/jms.com.bo\/mediamonitor\/wp-json\/wp\/v2\/comments?post=83456"}],"version-history":[{"count":0,"href":"https:\/\/jms.com.bo\/mediamonitor\/wp-json\/wp\/v2\/posts\/83456\/revisions"}],"wp:featuredmedia":[{"embeddable":true,"href":"https:\/\/jms.com.bo\/mediamonitor\/wp-json\/wp\/v2\/media\/83457"}],"wp:attachment":[{"href":"https:\/\/jms.com.bo\/mediamonitor\/wp-json\/wp\/v2\/media?parent=83456"}],"wp:term":[{"taxonomy":"category","embeddable":true,"href":"https:\/\/jms.com.bo\/mediamonitor\/wp-json\/wp\/v2\/categories?post=83456"},{"taxonomy":"post_tag","embeddable":true,"href":"https:\/\/jms.com.bo\/mediamonitor\/wp-json\/wp\/v2\/tags?post=83456"}],"curies":[{"name":"wp","href":"https:\/\/api.w.org\/{rel}","templated":true}]}}