{"id":83477,"date":"2026-01-13T07:57:54","date_gmt":"2026-01-13T11:57:54","guid":{"rendered":"https:\/\/mediamonitorbo.com.bo\/?p=16440"},"modified":"2026-01-13T07:58:11","modified_gmt":"2026-01-13T11:58:11","slug":"lara-denuncia-falsedad-del-gobierno-sobre-estudio-ambiental-en-tariquia","status":"publish","type":"post","link":"https:\/\/jms.com.bo\/mediamonitor\/2026\/01\/13\/lara-denuncia-falsedad-del-gobierno-sobre-estudio-ambiental-en-tariquia\/","title":{"rendered":"Lara denuncia falsedad del Gobierno sobre estudio ambiental en Tariqu\u00eda"},"content":{"rendered":"<p style=\"text-align: justify\">El vicepresidente Edmand Lara denunci\u00f3 este viernes al viceministro de Explotaci\u00f3n y Exploraci\u00f3n de Hidrocarburos, Caleb Montes, por presuntamente mentir al pa\u00eds sobre la existencia de un estudio t\u00e9cnico ambiental y el cumplimiento de la consulta previa para actividades hidrocarbur\u00edferas en la Reserva Nacional de Flora y Fauna Tariqu\u00eda, en el departamento de Tarija.<\/p>\n<p style=\"text-align: justify\">\u201cEl viceministro de Hidrocarburos le ha mentido al pa\u00eds. Pretende hacer creer que se han cumplido las formalidades, la Constituci\u00f3n y la ley para permitir el ingreso de una empresa transnacional a explotar gas\u201d, afirm\u00f3 la autoridad.<\/p>\n<p style=\"text-align: justify\">Lara se\u00f1al\u00f3 que esta situaci\u00f3n responde a la intenci\u00f3n de materializar el Decreto Supremo 5503, que, en su criterio, pone los recursos naturales del pa\u00eds al servicio de empresas extranjeras sin el debido control estatal.<\/p>\n<p style=\"text-align: justify\">Reiter\u00f3 que no existe ning\u00fan estudio ambiental que determine el impacto negativo que causar\u00e1 la actividad petrolera en la reserva, ni se ha realizado la consulta previa exigida por la Constituci\u00f3n Pol\u00edtica del Estado. \u201cLa consulta previa es obligatoria, no es opcional. Ten\u00edan que consultar a los pueblos ind\u00edgenas si estaban de acuerdo o no con estas actividades\u201d, remarc\u00f3.<\/p>\n<p style=\"text-align: justify\">Asimismo, rechaz\u00f3 los argumentos oficiales que se\u00f1alan que las operaciones se desarrollan fuera del \u00e1rea protegida, a 1,5 kil\u00f3metros de la reserva, y enfatiz\u00f3 que incluso en ese caso la normativa vigente exige la realizaci\u00f3n de un estudio de impacto ambiental.<\/p>\n<p style=\"text-align: justify\">El vicepresidente advirti\u00f3 que la intervenci\u00f3n petrolera pone en riesgo a Tariqu\u00eda, a la que calific\u00f3 como \u201cel pulm\u00f3n de Tarija, de Bolivia y del mundo\u201d, adem\u00e1s de ser una fuente clave para la producci\u00f3n agr\u00edcola y el equilibrio ambiental de toda la regi\u00f3n.<\/p>\n<p style=\"text-align: justify\">En ese contexto, inform\u00f3 que se enviaron notas a los presidentes de las c\u00e1maras de Diputados y Senadores solicitando la conformaci\u00f3n de comisiones de investigaci\u00f3n que se trasladen de manera inmediata a Tarija para verificar en el lugar la situaci\u00f3n ambiental y legal de los proyectos hidrocarbur\u00edferos.<\/p>\n<p style=\"text-align: justify\">Tambi\u00e9n indic\u00f3 que los legisladores que lo acompa\u00f1an ya presentaron peticiones de informe al Ministerio de Medio Ambiente para esclarecer si existe un estudio ambiental y si se cumpli\u00f3 con el proceso de consulta previa. \u201cTienen que informar a la poblaci\u00f3n y dejar de mentir\u201d, enfatiz\u00f3.<\/p>\n<p style=\"text-align: justify\">Lara denunci\u00f3 adem\u00e1s la existencia de intereses millonarios de empresas transnacionales y cuestion\u00f3 la falta de transparencia sobre los contratos firmados. \u201cNo nos han dicho en qu\u00e9 consiste ese contrato, cu\u00e1nto se llevar\u00e1 Petrobras al exterior y cu\u00e1nto beneficio quedar\u00e1 para el pa\u00eds, ni cu\u00e1l ser\u00e1 el impacto ambiental de esta actividad\u201d, sostuvo.<\/p>\n<p style=\"text-align: justify\">Anunci\u00f3 que el pr\u00f3ximo martes se trasladar\u00e1 a la reserva ec\u00f3l\u00f3gica para realizar verificaciones e inspecciones, y adelant\u00f3 que se asumir\u00e1n acciones legales conforme a la Constituci\u00f3n y la ley. \u201cNo estamos en contra del desarrollo econ\u00f3mico, estamos en contra de la contaminaci\u00f3n y de la destrucci\u00f3n de nuestra flora y fauna. Exigimos respeto a la Constituci\u00f3n y a la vida\u201d, sentenci\u00f3.<\/p>\n","protected":false},"excerpt":{"rendered":"<p>El vicepresidente Edmand Lara denunci\u00f3 este viernes al viceministro de Explotaci\u00f3n y Exploraci\u00f3n de Hidrocarburos, Caleb Montes, por presuntamente mentir al pa\u00eds sobre la existencia de un estudio t\u00e9cnico ambiental y el cumplimiento de la consulta previa para actividades hidrocarbur\u00edferas en la Reserva Nacional de Flora y Fauna Tariqu\u00eda, en el departamento de Tarija. \u201cEl [&hellip;]<\/p>\n","protected":false},"author":1,"featured_media":83478,"comment_status":"closed","ping_status":"open","sticky":false,"template":"","format":"standard","meta":{"footnotes":""},"categories":[40,23,48,43],"tags":[],"class_list":{"0":"post-83477","1":"post","2":"type-post","3":"status-publish","4":"format-standard","5":"has-post-thumbnail","7":"category-bolivia","8":"category-hidrocarburos","9":"category-portada-general-sitio","10":"category-portada-oil-gas"},"_links":{"self":[{"href":"https:\/\/jms.com.bo\/mediamonitor\/wp-json\/wp\/v2\/posts\/83477","targetHints":{"allow":["GET"]}}],"collection":[{"href":"https:\/\/jms.com.bo\/mediamonitor\/wp-json\/wp\/v2\/posts"}],"about":[{"href":"https:\/\/jms.com.bo\/mediamonitor\/wp-json\/wp\/v2\/types\/post"}],"author":[{"embeddable":true,"href":"https:\/\/jms.com.bo\/mediamonitor\/wp-json\/wp\/v2\/users\/1"}],"replies":[{"embeddable":true,"href":"https:\/\/jms.com.bo\/mediamonitor\/wp-json\/wp\/v2\/comments?post=83477"}],"version-history":[{"count":1,"href":"https:\/\/jms.com.bo\/mediamonitor\/wp-json\/wp\/v2\/posts\/83477\/revisions"}],"predecessor-version":[{"id":83479,"href":"https:\/\/jms.com.bo\/mediamonitor\/wp-json\/wp\/v2\/posts\/83477\/revisions\/83479"}],"wp:featuredmedia":[{"embeddable":true,"href":"https:\/\/jms.com.bo\/mediamonitor\/wp-json\/wp\/v2\/media\/83478"}],"wp:attachment":[{"href":"https:\/\/jms.com.bo\/mediamonitor\/wp-json\/wp\/v2\/media?parent=83477"}],"wp:term":[{"taxonomy":"category","embeddable":true,"href":"https:\/\/jms.com.bo\/mediamonitor\/wp-json\/wp\/v2\/categories?post=83477"},{"taxonomy":"post_tag","embeddable":true,"href":"https:\/\/jms.com.bo\/mediamonitor\/wp-json\/wp\/v2\/tags?post=83477"}],"curies":[{"name":"wp","href":"https:\/\/api.w.org\/{rel}","templated":true}]}}