{"id":83482,"date":"2026-01-14T06:39:52","date_gmt":"2026-01-14T10:39:52","guid":{"rendered":"https:\/\/mediamonitorbo.com.bo\/?p=16447"},"modified":"2026-01-14T06:39:52","modified_gmt":"2026-01-14T10:39:52","slug":"rurales-del-mercosur-preocupacion-por-salvaguarda-agricola-en-acuerdo-con-ue","status":"publish","type":"post","link":"https:\/\/jms.com.bo\/mediamonitor\/2026\/01\/14\/rurales-del-mercosur-preocupacion-por-salvaguarda-agricola-en-acuerdo-con-ue\/","title":{"rendered":"Rurales del Mercosur: preocupaci\u00f3n por salvaguarda agr\u00edcola en acuerdo con UE"},"content":{"rendered":"<p style=\"text-align: justify\">La Federaci\u00f3n de Asociaciones Rurales del Mercosur Ampliado (FARM) destac\u00f3 el acuerdo con la Uni\u00f3n Europea como \u201chist\u00f3rico\u201d y \u201cun impulso para el agro y la econom\u00eda regional\u201d. Los ruralistas regionales consideran que \u201cel entendimiento, que ser\u00e1 formalizado conforme a los marcos jur\u00eddico-institucionales de ambos bloques, fortalecer\u00e1 los lazos econ\u00f3micos y pol\u00edticos entre los pa\u00edses miembros y tendr\u00e1 un impacto positivo en diversos sectores, con especial relevancia para el agro de la regi\u00f3n\u201d.<\/p>\n<p style=\"text-align: justify\">La FARM, que adem\u00e1s de rurales de los cuatro pa\u00edses fundadores del bloque &#8211;Argentina, Brasil, Uruguay y Paraguay&#8211;, lo integran entidades de Chile, Bolivia y Colombia, recuerda que \u201cha acompa\u00f1ado este proceso desde sus inicios, promoviendo un equilibrio en las negociaciones que garantice beneficios concretos para los pa\u00edses del bloque. El acuerdo es de especial trascendencia para el futuro del Mercosur, ya que ampl\u00eda las oportunidades de mercado, reduce las barreras comerciales y facilita el acceso a los productos agroindustriales en la Uni\u00f3n Europea\u201d.<\/p>\n<p style=\"text-align: justify\">Asimismo, destaca que \u201cla eliminaci\u00f3n de aranceles y la simplificaci\u00f3n de las reglas comerciales no solo impulsar\u00e1n las exportaciones, sino que tambi\u00e9n promover\u00e1n la competitividad, la innovaci\u00f3n y la modernizaci\u00f3n productiva. Asimismo, se prev\u00e9 un impacto favorable en sectores clave como la agricultura, la ganader\u00eda y la bioenerg\u00eda, reforzando el acceso preferencial del bloque a uno de los mercados m\u00e1s importantes del mundo\u201d. \u201cDe esta forma, se consolidar\u00e1 una integraci\u00f3n m\u00e1s profunda de las econom\u00edas regionales en las cadenas globales de valor, fortaleciendo la posici\u00f3n del Mercosur como actor competitivo y confiable\u201d, expresa el grupo ruralista del Mercosur.<\/p>\n<p style=\"text-align: justify\">Salvaguarda ag\u00edcola<br \/>\nLa FARM expresa su \u201cpreocupaci\u00f3n por la inclusi\u00f3n, por parte de la Uni\u00f3n Europea, de la cl\u00e1usula de salvaguarda agr\u00edcola, que bajo ciertas circunstancias podr\u00eda limitar el acceso efectivo de los productos agropecuarios del Mercosur al mercado europeo y generar un desequilibrio en el acuerdo marco negociado\u201d.<\/p>\n<p style=\"text-align: justify\">En el plano pol\u00edtico, \u201cel acuerdo consolida el papel del Mercosur en el escenario internacional, demostrando su capacidad para conducir negociaciones complejas y estrat\u00e9gicas. Representa el compromiso con la apertura comercial, la cooperaci\u00f3n y el fortalecimiento de las relaciones interregionales, y sienta un precedente positivo para futuras negociaciones con otros bloques y econom\u00edas emergentes\u201d.<\/p>\n<p style=\"text-align: justify\">Sostenibilidad<br \/>\nDesde una perspectiva de sostenibilidad, promueve una cooperaci\u00f3n m\u00e1s amplia en materia ambiental y social, incluyendo pr\u00e1cticas agr\u00edcolas sostenibles, la lucha contra el cambio clim\u00e1tico y la convergencia hacia est\u00e1ndares ambientales internacionales. \u201cEstos compromisos fortalecen la reputaci\u00f3n de los productos del Mercosur en los mercados globales y reflejan el compromiso del bloque con un modelo de desarrollo equilibrado y responsable\u201d.<\/p>\n<p style=\"text-align: justify\">La Federaci\u00f3n reafirma su apoyo a la liberalizaci\u00f3n del comercio internacional y reconoce \u201clos beneficios que este acuerdo aportar\u00e1 no solo a la agroindustria, sino al conjunto de las econom\u00edas regionales. El Mercosur, como mayor exportador neto de alimentos del mundo, demuestra una vez m\u00e1s la calidad, competitividad y sostenibilidad de su producci\u00f3n agropecuaria\u201d.<\/p>\n<p style=\"text-align: justify\">Junto a las representaciones agropecuarias de la regi\u00f3n, por Uruguay firm\u00f3 la Asociaci\u00f3n Rural y la Federaci\u00f3n Rural.<\/p>\n","protected":false},"excerpt":{"rendered":"<p>La Federaci\u00f3n de Asociaciones Rurales del Mercosur Ampliado (FARM) destac\u00f3 el acuerdo con la Uni\u00f3n Europea como \u201chist\u00f3rico\u201d y \u201cun impulso para el agro y la econom\u00eda regional\u201d. Los ruralistas regionales consideran que \u201cel entendimiento, que ser\u00e1 formalizado conforme a los marcos jur\u00eddico-institucionales de ambos bloques, fortalecer\u00e1 los lazos econ\u00f3micos y pol\u00edticos entre los pa\u00edses [&hellip;]<\/p>\n","protected":false},"author":1,"featured_media":83483,"comment_status":"closed","ping_status":"open","sticky":false,"template":"","format":"standard","meta":{"footnotes":""},"categories":[57],"tags":[],"class_list":{"0":"post-83482","1":"post","2":"type-post","3":"status-publish","4":"format-standard","5":"has-post-thumbnail","7":"category-alimentos-y-agroindustria"},"_links":{"self":[{"href":"https:\/\/jms.com.bo\/mediamonitor\/wp-json\/wp\/v2\/posts\/83482","targetHints":{"allow":["GET"]}}],"collection":[{"href":"https:\/\/jms.com.bo\/mediamonitor\/wp-json\/wp\/v2\/posts"}],"about":[{"href":"https:\/\/jms.com.bo\/mediamonitor\/wp-json\/wp\/v2\/types\/post"}],"author":[{"embeddable":true,"href":"https:\/\/jms.com.bo\/mediamonitor\/wp-json\/wp\/v2\/users\/1"}],"replies":[{"embeddable":true,"href":"https:\/\/jms.com.bo\/mediamonitor\/wp-json\/wp\/v2\/comments?post=83482"}],"version-history":[{"count":0,"href":"https:\/\/jms.com.bo\/mediamonitor\/wp-json\/wp\/v2\/posts\/83482\/revisions"}],"wp:featuredmedia":[{"embeddable":true,"href":"https:\/\/jms.com.bo\/mediamonitor\/wp-json\/wp\/v2\/media\/83483"}],"wp:attachment":[{"href":"https:\/\/jms.com.bo\/mediamonitor\/wp-json\/wp\/v2\/media?parent=83482"}],"wp:term":[{"taxonomy":"category","embeddable":true,"href":"https:\/\/jms.com.bo\/mediamonitor\/wp-json\/wp\/v2\/categories?post=83482"},{"taxonomy":"post_tag","embeddable":true,"href":"https:\/\/jms.com.bo\/mediamonitor\/wp-json\/wp\/v2\/tags?post=83482"}],"curies":[{"name":"wp","href":"https:\/\/api.w.org\/{rel}","templated":true}]}}