{"id":83484,"date":"2026-01-14T06:41:14","date_gmt":"2026-01-14T10:41:14","guid":{"rendered":"https:\/\/mediamonitorbo.com.bo\/?p=16450"},"modified":"2026-01-14T06:41:14","modified_gmt":"2026-01-14T10:41:14","slug":"rusia-dona-1-400-toneladas-de-trigo-a-bolivia","status":"publish","type":"post","link":"https:\/\/jms.com.bo\/mediamonitor\/2026\/01\/14\/rusia-dona-1-400-toneladas-de-trigo-a-bolivia\/","title":{"rendered":"Rusia dona 1.400 toneladas de trigo a Bolivia"},"content":{"rendered":"<p style=\"text-align: justify\">La ma\u00f1ana de este martes, el Gobierno de Rusia don\u00f3 1.400 toneladas de trigo y el ministro de Desarrollo Productivo, Oscar Mario Justiniano, anunci\u00f3 que el alimento ser\u00e1 destinado al apoyo de subsidios a trav\u00e9s de la Empresa de Apoyo a la Producci\u00f3n de Alimentos (Emapa).<\/p>\n<p style=\"text-align: justify\">\u201c(La donaci\u00f3n) va a ir a apoyar el subsidio de nuestras madres y nuestros ni\u00f1os, a trav\u00e9s de una donaci\u00f3n directa. Estamos hablando de 1.400 toneladas inicialmente, son 87 mil bolsas que se van a preparar y en todo caso, lo que vamos a hacer a trav\u00e9s de Emapa, es la transformaci\u00f3n para volverla harina\u201d,<\/p>\n<p style=\"text-align: justify\">El embajador de Rusia, Verchenko Dmitry Yurievich, explic\u00f3 que esta donaci\u00f3n proviene de la Agencia Federal de Aseguramiento y Coordinaci\u00f3n de la Participaci\u00f3n Rusa en Operaciones Humanitarias Internacionales (Emercom).<\/p>\n","protected":false},"excerpt":{"rendered":"<p>La ma\u00f1ana de este martes, el Gobierno de Rusia don\u00f3 1.400 toneladas de trigo y el ministro de Desarrollo Productivo, Oscar Mario Justiniano, anunci\u00f3 que el alimento ser\u00e1 destinado al apoyo de subsidios a trav\u00e9s de la Empresa de Apoyo a la Producci\u00f3n de Alimentos (Emapa). \u201c(La donaci\u00f3n) va a ir a apoyar el subsidio [&hellip;]<\/p>\n","protected":false},"author":1,"featured_media":83485,"comment_status":"closed","ping_status":"open","sticky":false,"template":"","format":"standard","meta":{"footnotes":""},"categories":[57],"tags":[],"class_list":{"0":"post-83484","1":"post","2":"type-post","3":"status-publish","4":"format-standard","5":"has-post-thumbnail","7":"category-alimentos-y-agroindustria"},"_links":{"self":[{"href":"https:\/\/jms.com.bo\/mediamonitor\/wp-json\/wp\/v2\/posts\/83484","targetHints":{"allow":["GET"]}}],"collection":[{"href":"https:\/\/jms.com.bo\/mediamonitor\/wp-json\/wp\/v2\/posts"}],"about":[{"href":"https:\/\/jms.com.bo\/mediamonitor\/wp-json\/wp\/v2\/types\/post"}],"author":[{"embeddable":true,"href":"https:\/\/jms.com.bo\/mediamonitor\/wp-json\/wp\/v2\/users\/1"}],"replies":[{"embeddable":true,"href":"https:\/\/jms.com.bo\/mediamonitor\/wp-json\/wp\/v2\/comments?post=83484"}],"version-history":[{"count":0,"href":"https:\/\/jms.com.bo\/mediamonitor\/wp-json\/wp\/v2\/posts\/83484\/revisions"}],"wp:featuredmedia":[{"embeddable":true,"href":"https:\/\/jms.com.bo\/mediamonitor\/wp-json\/wp\/v2\/media\/83485"}],"wp:attachment":[{"href":"https:\/\/jms.com.bo\/mediamonitor\/wp-json\/wp\/v2\/media?parent=83484"}],"wp:term":[{"taxonomy":"category","embeddable":true,"href":"https:\/\/jms.com.bo\/mediamonitor\/wp-json\/wp\/v2\/categories?post=83484"},{"taxonomy":"post_tag","embeddable":true,"href":"https:\/\/jms.com.bo\/mediamonitor\/wp-json\/wp\/v2\/tags?post=83484"}],"curies":[{"name":"wp","href":"https:\/\/api.w.org\/{rel}","templated":true}]}}