{"id":83488,"date":"2026-01-14T06:45:46","date_gmt":"2026-01-14T10:45:46","guid":{"rendered":"https:\/\/mediamonitorbo.com.bo\/?p=16456"},"modified":"2026-01-14T06:45:46","modified_gmt":"2026-01-14T10:45:46","slug":"rojas-desafia-a-la-cob-y-ratifica-el-avance-de-la-ley-antibloqueos","status":"publish","type":"post","link":"https:\/\/jms.com.bo\/mediamonitor\/2026\/01\/14\/rojas-desafia-a-la-cob-y-ratifica-el-avance-de-la-ley-antibloqueos\/","title":{"rendered":"Rojas desaf\u00eda a la COB y ratifica el avance de la ley antibloqueos"},"content":{"rendered":"<p style=\"text-align: justify\">El diputado del Partido Dem\u00f3crata Cristiano (PDC) Manolo Rojas advirti\u00f3 a la Central Obrera Boliviana (COB) que la Asamblea Legislativa no retroceder\u00e1 en el tratamiento del proyecto de ley antibloqueos, pese a las objeciones planteadas por la dirigencia sindical.<\/p>\n<p style=\"text-align: justify\">\u201cEsperamos que la COB recapacite y, que les quede bien claro, que no vamos a retroceder un solo paso con la ley antibloqueos\u201d, afirm\u00f3 el legislador.<\/p>\n<p style=\"text-align: justify\">El diputado fue consultado sobre la posici\u00f3n de la COB que rechaz\u00f3 este martes el proyecto de ley que propone penalizar los bloqueos.<\/p>\n<p style=\"text-align: justify\">Manolo Rojas<br \/>\nHoras antes, el ejecutivo de la COB, Mario Argollo, alert\u00f3 a la Asamblea Legislativa para que no avance con el proyecto de ley, y dijo que el bloqueo constituye una herramienta de reivindicaci\u00f3n social. \u201cHay un pueblo que est\u00e1 vigilando\u201d, sostuvo el dirigente sindical cuando fue consultado en una conferencia de prensa.<\/p>\n<p style=\"text-align: justify\">Rojas cuestion\u00f3 la postura de la dirigencia obrera y se\u00f1al\u00f3 que algunos de sus representantes no reconocen los cambios pol\u00edticos en el pa\u00eds. \u201cTal vez algunos malos dirigentes de la COB no se han enterado que Bolivia ha cambiado\u201d, afirm\u00f3.<\/p>\n<p style=\"text-align: justify\">El diputado sostuvo que la Asamblea se mantendr\u00e1 firme en la aprobaci\u00f3n del proyecto y descart\u00f3 cualquier posibilidad de retirar la iniciativa que sanciona los bloqueos que afectan a la econom\u00eda y a la poblaci\u00f3n.<\/p>\n<p style=\"text-align: justify\">Ley antibloqueos<br \/>\nEn ese marco, destac\u00f3 la apertura del presidente Rodrigo Paz Pereira al di\u00e1logo y al consenso con los distintos sectores sociales, aunque remarc\u00f3 que esa disposici\u00f3n no implica ceder ante presiones.<\/p>\n<p style=\"text-align: justify\">Rojas advirti\u00f3 que la COB no debe equivocarse al interpretar la voluntad del Legislativo, ya que, seg\u00fan afirm\u00f3, los asamble\u00edstas no dar\u00e1n marcha atr\u00e1s con una norma que busca frenar hechos de violencia y perjuicios econ\u00f3micos.<\/p>\n<p style=\"text-align: justify\">\u201cLo que no vamos a tolerar desde el Congreso es la negociaci\u00f3n con criminales\u201d, se\u00f1al\u00f3 el legislador, al referirse a los bloqueos y actos violentos registrados en anteriores conflictos sociales.<\/p>\n<p style=\"text-align: justify\">Asamblea Legislativa<br \/>\nEn esa l\u00ednea, calific\u00f3 como delitos las agresiones contra personas, el saqueo de negocios y las acciones que paralizan la actividad econ\u00f3mica. \u201cCriminal es quien golpea a los hombres y a las mujeres que est\u00e1n en las calles, criminal es quien saquea negocios, criminal es quien bloquea la econom\u00eda\u201d, afirm\u00f3.<\/p>\n<p style=\"text-align: justify\">Rojas sostuvo que el pa\u00eds no puede quedar sometido a presiones de grupos que, en su criterio, afectan los derechos de la mayor\u00eda de los ciudadanos y la estabilidad econ\u00f3mica.<\/p>\n<p style=\"text-align: justify\">El debate en torno a la ley antibloqueos se mantiene abierto en la Asamblea Legislativa.<\/p>\n<p style=\"text-align: justify\">La ley antibloqueos fue presentada por el diputado Carlos Alarc\u00f3n, de Unidad, y propone tipificar los bloqueos como delito grave, con penas de entre 10 y 20 a\u00f1os de c\u00e1rcel para quienes los promuevan, organicen o financien.<\/p>\n","protected":false},"excerpt":{"rendered":"<p>El diputado del Partido Dem\u00f3crata Cristiano (PDC) Manolo Rojas advirti\u00f3 a la Central Obrera Boliviana (COB) que la Asamblea Legislativa no retroceder\u00e1 en el tratamiento del proyecto de ley antibloqueos, pese a las objeciones planteadas por la dirigencia sindical. \u201cEsperamos que la COB recapacite y, que les quede bien claro, que no vamos a retroceder [&hellip;]<\/p>\n","protected":false},"author":1,"featured_media":83489,"comment_status":"closed","ping_status":"open","sticky":false,"template":"","format":"standard","meta":{"footnotes":""},"categories":[49],"tags":[],"class_list":{"0":"post-83488","1":"post","2":"type-post","3":"status-publish","4":"format-standard","5":"has-post-thumbnail","7":"category-social"},"_links":{"self":[{"href":"https:\/\/jms.com.bo\/mediamonitor\/wp-json\/wp\/v2\/posts\/83488","targetHints":{"allow":["GET"]}}],"collection":[{"href":"https:\/\/jms.com.bo\/mediamonitor\/wp-json\/wp\/v2\/posts"}],"about":[{"href":"https:\/\/jms.com.bo\/mediamonitor\/wp-json\/wp\/v2\/types\/post"}],"author":[{"embeddable":true,"href":"https:\/\/jms.com.bo\/mediamonitor\/wp-json\/wp\/v2\/users\/1"}],"replies":[{"embeddable":true,"href":"https:\/\/jms.com.bo\/mediamonitor\/wp-json\/wp\/v2\/comments?post=83488"}],"version-history":[{"count":0,"href":"https:\/\/jms.com.bo\/mediamonitor\/wp-json\/wp\/v2\/posts\/83488\/revisions"}],"wp:featuredmedia":[{"embeddable":true,"href":"https:\/\/jms.com.bo\/mediamonitor\/wp-json\/wp\/v2\/media\/83489"}],"wp:attachment":[{"href":"https:\/\/jms.com.bo\/mediamonitor\/wp-json\/wp\/v2\/media?parent=83488"}],"wp:term":[{"taxonomy":"category","embeddable":true,"href":"https:\/\/jms.com.bo\/mediamonitor\/wp-json\/wp\/v2\/categories?post=83488"},{"taxonomy":"post_tag","embeddable":true,"href":"https:\/\/jms.com.bo\/mediamonitor\/wp-json\/wp\/v2\/tags?post=83488"}],"curies":[{"name":"wp","href":"https:\/\/api.w.org\/{rel}","templated":true}]}}