{"id":83504,"date":"2026-01-14T07:08:08","date_gmt":"2026-01-14T11:08:08","guid":{"rendered":"https:\/\/mediamonitorbo.com.bo\/?p=16488"},"modified":"2026-01-14T07:08:08","modified_gmt":"2026-01-14T11:08:08","slug":"empresariado-boliviano-aguarda-con-altas-expectativas-reunion-con-presidente-del-bid","status":"publish","type":"post","link":"https:\/\/jms.com.bo\/mediamonitor\/2026\/01\/14\/empresariado-boliviano-aguarda-con-altas-expectativas-reunion-con-presidente-del-bid\/","title":{"rendered":"Empresariado boliviano aguarda con altas expectativas reuni\u00f3n con presidente del BID"},"content":{"rendered":"<p style=\"text-align: justify\">En su segundo d\u00eda de visita al pa\u00eds, Ilan Goldfajn, presidente del Banco Interamericano de Desarrollo (BID), se reunir\u00e1 con diversos sectores empresariales del pa\u00eds.<\/p>\n<p style=\"text-align: justify\">La Confederaci\u00f3n de Empresarios Privados de Bolivia (CEPB) confirm\u00f3 su presencia en el encuentro que se realizar\u00e1 en Santa Cruz de la Sierra. \u201cLa visita del presidente Goldfajn y de la vicepresidenta de Pa\u00edses e Integraci\u00f3n Regional del BID, Anabel Gonz\u00e1lez, es una se\u00f1al muy positiva hacia el mundo y una muestra de confianza en el rumbo que estamos tomando para enfrentar los graves problemas que nos afectan\u201d, afirmo Gast\u00f3n Serrano, vicepresidente de la CEPB, seg\u00fan un bolet\u00edn emitido por esta entidad.<\/p>\n<p style=\"text-align: justify\">La m\u00e1xima instancia de representaci\u00f3n del empresariado boliviano espera una productiva reuni\u00f3n en la que se prev\u00e9 que el organismo internacional socialice el programa de cooperaci\u00f3n que proyecta para Bolivia, con especial \u00e9nfasis en el fortalecimiento de la capacidad exportadora, la mejora de las condiciones de financiamiento y la optimizaci\u00f3n de la seguridad jur\u00eddica.<\/p>\n<p style=\"text-align: justify\">\u201cVamos a asistir a este encuentro, en el que estar\u00e1n tambi\u00e9n representantes de varios sectores empresariales, para escuchar las propuestas del BID, que nos permitir\u00e1n complementar y enriquecer las medidas que estamos planteando al gobierno nacional desde todos los sectores, para avanzar en un proceso de crecimiento sostenible y eficiente\u201d, dijo Serrano.<\/p>\n<p style=\"text-align: justify\">Goldfajn se reuni\u00f3 este martes en La Paz con el presidente Rodrigo Paz y su gabinete, adem\u00e1s de con ejecutivos del Banco Central de Bolivia. Adem\u00e1s de ratificar una cartera de proyectos y desembolsos por hasta $us 4.500 millones para los siguientes a\u00f1os, recalc\u00f3 el ambiente de confianza que su organismo percibe en el actual contexto boliviano.<\/p>\n","protected":false},"excerpt":{"rendered":"<p>En su segundo d\u00eda de visita al pa\u00eds, Ilan Goldfajn, presidente del Banco Interamericano de Desarrollo (BID), se reunir\u00e1 con diversos sectores empresariales del pa\u00eds. La Confederaci\u00f3n de Empresarios Privados de Bolivia (CEPB) confirm\u00f3 su presencia en el encuentro que se realizar\u00e1 en Santa Cruz de la Sierra. \u201cLa visita del presidente Goldfajn y de [&hellip;]<\/p>\n","protected":false},"author":1,"featured_media":83505,"comment_status":"closed","ping_status":"open","sticky":false,"template":"","format":"standard","meta":{"footnotes":""},"categories":[25],"tags":[],"class_list":{"0":"post-83504","1":"post","2":"type-post","3":"status-publish","4":"format-standard","5":"has-post-thumbnail","7":"category-economia"},"_links":{"self":[{"href":"https:\/\/jms.com.bo\/mediamonitor\/wp-json\/wp\/v2\/posts\/83504","targetHints":{"allow":["GET"]}}],"collection":[{"href":"https:\/\/jms.com.bo\/mediamonitor\/wp-json\/wp\/v2\/posts"}],"about":[{"href":"https:\/\/jms.com.bo\/mediamonitor\/wp-json\/wp\/v2\/types\/post"}],"author":[{"embeddable":true,"href":"https:\/\/jms.com.bo\/mediamonitor\/wp-json\/wp\/v2\/users\/1"}],"replies":[{"embeddable":true,"href":"https:\/\/jms.com.bo\/mediamonitor\/wp-json\/wp\/v2\/comments?post=83504"}],"version-history":[{"count":0,"href":"https:\/\/jms.com.bo\/mediamonitor\/wp-json\/wp\/v2\/posts\/83504\/revisions"}],"wp:featuredmedia":[{"embeddable":true,"href":"https:\/\/jms.com.bo\/mediamonitor\/wp-json\/wp\/v2\/media\/83505"}],"wp:attachment":[{"href":"https:\/\/jms.com.bo\/mediamonitor\/wp-json\/wp\/v2\/media?parent=83504"}],"wp:term":[{"taxonomy":"category","embeddable":true,"href":"https:\/\/jms.com.bo\/mediamonitor\/wp-json\/wp\/v2\/categories?post=83504"},{"taxonomy":"post_tag","embeddable":true,"href":"https:\/\/jms.com.bo\/mediamonitor\/wp-json\/wp\/v2\/tags?post=83504"}],"curies":[{"name":"wp","href":"https:\/\/api.w.org\/{rel}","templated":true}]}}