{"id":83527,"date":"2026-01-15T07:07:44","date_gmt":"2026-01-15T11:07:44","guid":{"rendered":"https:\/\/mediamonitorbo.com.bo\/?p=16525"},"modified":"2026-01-15T07:07:44","modified_gmt":"2026-01-15T11:07:44","slug":"el-presidente-del-bid-se-reune-con-los-empresarios-del-pais","status":"publish","type":"post","link":"https:\/\/jms.com.bo\/mediamonitor\/2026\/01\/15\/el-presidente-del-bid-se-reune-con-los-empresarios-del-pais\/","title":{"rendered":"El presidente del BID se re\u00fane con los empresarios del pa\u00eds"},"content":{"rendered":"<p style=\"text-align: justify\">Este mi\u00e9rcoles, 14 de enero, el titular del Banco de Desarrollo Interamericano (BDI), Ilan Goldfajn, se encuentra reunido con los empresarios en las instalaciones de la C\u00e1mara de Industria, Comercio, Servicios y Turismo de Santa Cruz (Cainco).<\/p>\n<p style=\"text-align: justify\">\u00abEstamos aqu\u00ed (en Bolivia) para hablar no solamente de estabilidad, que es muy importante, queremos hablar del otro brazo de una estabilidad, que es el crecimiento\u201d, adelant\u00f3 Goldfajn.<\/p>\n<p style=\"text-align: justify\">Mientras que, Jos\u00e9 Gabriel Espinoza, ministro de Econom\u00eda que participa del encuentro, sostuvo que el financiamiento de m\u00e1s de 4.500 millones de d\u00f3lares para Bolivia no solo beneficiar\u00e1 al Gobierno central, sino que tambi\u00e9n alcanzar\u00e1 a las alcald\u00edas, gobernaciones y al sector privado.<\/p>\n<p style=\"text-align: justify\">Los recursos otorgados al pa\u00eds forman parte del programa \u2018Bolivia Crece\u2019 del BID que busca identificar y eliminar los principales obst\u00e1culos que frenan la inversi\u00f3n y la actividad empresarial en Bolivia.<\/p>\n<p style=\"text-align: justify\">\u201cDestrabar inflexiones, eliminar cuellos de botella, facilitar procesos, tener una orientaci\u00f3n estricta a resultados y el impacto\u201d, dijo Goldfajn, durante la reuni\u00f3n, que a\u00fan se desarrolla, con la Cainco en la capital cruce\u00f1a.<\/p>\n","protected":false},"excerpt":{"rendered":"<p>Este mi\u00e9rcoles, 14 de enero, el titular del Banco de Desarrollo Interamericano (BDI), Ilan Goldfajn, se encuentra reunido con los empresarios en las instalaciones de la C\u00e1mara de Industria, Comercio, Servicios y Turismo de Santa Cruz (Cainco). \u00abEstamos aqu\u00ed (en Bolivia) para hablar no solamente de estabilidad, que es muy importante, queremos hablar del otro [&hellip;]<\/p>\n","protected":false},"author":1,"featured_media":83528,"comment_status":"closed","ping_status":"open","sticky":false,"template":"","format":"standard","meta":{"footnotes":""},"categories":[57],"tags":[],"class_list":{"0":"post-83527","1":"post","2":"type-post","3":"status-publish","4":"format-standard","5":"has-post-thumbnail","7":"category-alimentos-y-agroindustria"},"_links":{"self":[{"href":"https:\/\/jms.com.bo\/mediamonitor\/wp-json\/wp\/v2\/posts\/83527","targetHints":{"allow":["GET"]}}],"collection":[{"href":"https:\/\/jms.com.bo\/mediamonitor\/wp-json\/wp\/v2\/posts"}],"about":[{"href":"https:\/\/jms.com.bo\/mediamonitor\/wp-json\/wp\/v2\/types\/post"}],"author":[{"embeddable":true,"href":"https:\/\/jms.com.bo\/mediamonitor\/wp-json\/wp\/v2\/users\/1"}],"replies":[{"embeddable":true,"href":"https:\/\/jms.com.bo\/mediamonitor\/wp-json\/wp\/v2\/comments?post=83527"}],"version-history":[{"count":0,"href":"https:\/\/jms.com.bo\/mediamonitor\/wp-json\/wp\/v2\/posts\/83527\/revisions"}],"wp:featuredmedia":[{"embeddable":true,"href":"https:\/\/jms.com.bo\/mediamonitor\/wp-json\/wp\/v2\/media\/83528"}],"wp:attachment":[{"href":"https:\/\/jms.com.bo\/mediamonitor\/wp-json\/wp\/v2\/media?parent=83527"}],"wp:term":[{"taxonomy":"category","embeddable":true,"href":"https:\/\/jms.com.bo\/mediamonitor\/wp-json\/wp\/v2\/categories?post=83527"},{"taxonomy":"post_tag","embeddable":true,"href":"https:\/\/jms.com.bo\/mediamonitor\/wp-json\/wp\/v2\/tags?post=83527"}],"curies":[{"name":"wp","href":"https:\/\/api.w.org\/{rel}","templated":true}]}}