{"id":83531,"date":"2026-01-15T07:15:07","date_gmt":"2026-01-15T11:15:07","guid":{"rendered":"https:\/\/mediamonitorbo.com.bo\/?p=16534"},"modified":"2026-01-15T07:15:07","modified_gmt":"2026-01-15T11:15:07","slug":"choferes-advierten-que-no-permitiran-una-ley-antibloqueos","status":"publish","type":"post","link":"https:\/\/jms.com.bo\/mediamonitor\/2026\/01\/15\/choferes-advierten-que-no-permitiran-una-ley-antibloqueos\/","title":{"rendered":"Choferes advierten que no permitir\u00e1n una ley antibloqueos"},"content":{"rendered":"<p style=\"text-align: justify\">El secretario general de la Confederaci\u00f3n Sindical de Choferes de Bolivia, V\u00edctor Tarqui, rechaz\u00f3 la posibilidad de que se apruebe una ley antibloqueos y advirti\u00f3 que con esa medida estar\u00edan quit\u00e1ndole a los sectores sociales su \u201c\u00fanico mecanismo de lucha\u201d.<\/p>\n<p style=\"text-align: justify\">Adem\u00e1s, alert\u00f3 que una ley de ese tipo estar\u00eda \u201ccortando las manos y tapando la boca\u201d a las organizaciones sociales que muchas veces tienen que salir a las calles para hacer escuchar sus demandas.<\/p>\n<p style=\"text-align: justify\">\u201cNo creo que el Gobierno sea tan duro de cortar los mecanismos de lucha que tienen los sectores. No es que nosotros creamos los problemas, muchas veces son las autoridades, las alcald\u00edas, las gobernaciones o el Gobierno central, y el \u00fanico mecanismo de lucha que tenemos es salir a las calles\u201d, dijo Tarqui en DTV.<\/p>\n<p style=\"text-align: justify\">Asegur\u00f3 que su sector har\u00e1 conocer su posici\u00f3n al respecto y dijo que la intenci\u00f3n de promover una ley antibloqueos debe responder a \u201cintereses de alguna autoridad\u201d.<\/p>\n<p style=\"text-align: justify\">Asimismo, remarc\u00f3 que el sector transporte rechaza esa idea, pues la protesta y los bloqueos son la muestra de la fuerza de los sectores sociales en las calles.<\/p>\n<p style=\"text-align: justify\">Bloqueos<\/p>\n<p style=\"text-align: justify\">\u201cSi eso quieren prohibir o va a ser penado, ser\u00e1 una situaci\u00f3n inc\u00f3moda para los sectores, no solo el transporte, sino todos los sectores sociales que muestran su lucha en las calles, avenidas\u201d, complement\u00f3.<\/p>\n<p style=\"text-align: justify\">En criterio del dirigente, es poco probable que ese proyecto de ley logre apoyo mayoritario y remarc\u00f3 que el transporte no est\u00e1 de acuerdo y har\u00e1 conocer su posici\u00f3n. \u201cNo creo que se apruebe porque estar\u00edan cortando a los sectores sociales, estar\u00edan cortando las manos. Qu\u00e9 mecanismos de lucha tendremos los sectores sociales, no vamos a permitir, las autoridades quieren cortarnos las manos y cerrarnos la boca, no lo vamos a permitir\u201d, puntualiz\u00f3.<\/p>\n<p style=\"text-align: justify\">Luego de los bloqueos de la Central Obrera Boliviana (COB) en carreteras de pr\u00e1cticamente todo el pa\u00eds, algunos legisladores plantearon la necesidad de una ley antibloqueos para evitar esta medida que genera grandes p\u00e9rdidas econ\u00f3micas al pa\u00eds.<\/p>\n<p style=\"text-align: justify\">El secretario ejecutivo de la organizaci\u00f3n, Mario Argollo, tambi\u00e9n rechaz\u00f3 ese proyecto y advirti\u00f3 a los legisladores que no se equivoquen, pues se trata de un mecanismo de lucha del pueblo.<\/p>\n","protected":false},"excerpt":{"rendered":"<p>El secretario general de la Confederaci\u00f3n Sindical de Choferes de Bolivia, V\u00edctor Tarqui, rechaz\u00f3 la posibilidad de que se apruebe una ley antibloqueos y advirti\u00f3 que con esa medida estar\u00edan quit\u00e1ndole a los sectores sociales su \u201c\u00fanico mecanismo de lucha\u201d. Adem\u00e1s, alert\u00f3 que una ley de ese tipo estar\u00eda \u201ccortando las manos y tapando la [&hellip;]<\/p>\n","protected":false},"author":1,"featured_media":83532,"comment_status":"closed","ping_status":"open","sticky":false,"template":"","format":"standard","meta":{"footnotes":""},"categories":[49],"tags":[],"class_list":{"0":"post-83531","1":"post","2":"type-post","3":"status-publish","4":"format-standard","5":"has-post-thumbnail","7":"category-social"},"_links":{"self":[{"href":"https:\/\/jms.com.bo\/mediamonitor\/wp-json\/wp\/v2\/posts\/83531","targetHints":{"allow":["GET"]}}],"collection":[{"href":"https:\/\/jms.com.bo\/mediamonitor\/wp-json\/wp\/v2\/posts"}],"about":[{"href":"https:\/\/jms.com.bo\/mediamonitor\/wp-json\/wp\/v2\/types\/post"}],"author":[{"embeddable":true,"href":"https:\/\/jms.com.bo\/mediamonitor\/wp-json\/wp\/v2\/users\/1"}],"replies":[{"embeddable":true,"href":"https:\/\/jms.com.bo\/mediamonitor\/wp-json\/wp\/v2\/comments?post=83531"}],"version-history":[{"count":0,"href":"https:\/\/jms.com.bo\/mediamonitor\/wp-json\/wp\/v2\/posts\/83531\/revisions"}],"wp:featuredmedia":[{"embeddable":true,"href":"https:\/\/jms.com.bo\/mediamonitor\/wp-json\/wp\/v2\/media\/83532"}],"wp:attachment":[{"href":"https:\/\/jms.com.bo\/mediamonitor\/wp-json\/wp\/v2\/media?parent=83531"}],"wp:term":[{"taxonomy":"category","embeddable":true,"href":"https:\/\/jms.com.bo\/mediamonitor\/wp-json\/wp\/v2\/categories?post=83531"},{"taxonomy":"post_tag","embeddable":true,"href":"https:\/\/jms.com.bo\/mediamonitor\/wp-json\/wp\/v2\/tags?post=83531"}],"curies":[{"name":"wp","href":"https:\/\/api.w.org\/{rel}","templated":true}]}}