{"id":83533,"date":"2026-01-15T07:17:06","date_gmt":"2026-01-15T11:17:06","guid":{"rendered":"https:\/\/mediamonitorbo.com.bo\/?p=16537"},"modified":"2026-01-15T07:17:06","modified_gmt":"2026-01-15T11:17:06","slug":"el-transporte-vuelve-a-exigir-subidas-de-pasajes","status":"publish","type":"post","link":"https:\/\/jms.com.bo\/mediamonitor\/2026\/01\/15\/el-transporte-vuelve-a-exigir-subidas-de-pasajes\/","title":{"rendered":"El transporte vuelve a exigir subidas de pasajes"},"content":{"rendered":"<p style=\"text-align: justify\">Despu\u00e9s de casi un mes de \u201ctransici\u00f3n\u201d y un acuerdo coyuntural que subi\u00f3 los pasajes urbanos a los 3 bolivianos en Tarija \u2013 tanto en micro como en taxi trufi -, el autotransporte vuelve a presionar para \u201cconsensuar\u201d un incremento luego de que el gobierno haya ratificado los nuevos precios de los combustibles con el visto bueno de la Central Obrera.<\/p>\n<p style=\"text-align: justify\">\u201cEstamos presionando que se haga una buena hoja de costos con los precios actuales de repuestos y dem\u00e1s insumos que requiere el transporte p\u00fablico\u201d se\u00f1al\u00f3 el ejecutivo de la Federaci\u00f3n de Autotransporte 15 de Abril de Tarija, Gabriel P\u00e9rez, quien adem\u00e1s inform\u00f3 que se vienen realizando avances y que se espera una reuni\u00f3n con las autoridades municipales para lograr un consenso que beneficie a todos los sectores involucrados.<\/p>\n<p style=\"text-align: justify\">En las Juntas Vecinales obviamente discrepan de que se pueda hacer un nuevo incremento luego de que se subiera m\u00e1s del 50% y advierten que no lo permitir\u00e1n.<\/p>\n<p style=\"text-align: justify\">P\u00e9rez sin embargo afirm\u00f3 que el sector del transporte ha solicitado a las distintas instituciones que presenten sus estudios de tarifas, tomando en cuenta que actualmente se est\u00e1n elaborando estudios de costos y remitiendo los contratos correspondientes a la Alcald\u00eda, con el objetivo de transparentar el proceso y sustentar t\u00e9cnicamente cualquier ajuste.<\/p>\n<p style=\"text-align: justify\">El transporte insiste en que las medidas tomadas perjudican principalmente a su sector y que no se compensan con bajadas de tasas o aranceles de importaci\u00f3n. Las juntas vecinales recuerdan sin embargo que el costo de operaci\u00f3n imputado por combustible ya es desproporcionado.<\/p>\n","protected":false},"excerpt":{"rendered":"<p>Despu\u00e9s de casi un mes de \u201ctransici\u00f3n\u201d y un acuerdo coyuntural que subi\u00f3 los pasajes urbanos a los 3 bolivianos en Tarija \u2013 tanto en micro como en taxi trufi -, el autotransporte vuelve a presionar para \u201cconsensuar\u201d un incremento luego de que el gobierno haya ratificado los nuevos precios de los combustibles con el [&hellip;]<\/p>\n","protected":false},"author":1,"featured_media":83534,"comment_status":"closed","ping_status":"open","sticky":false,"template":"","format":"standard","meta":{"footnotes":""},"categories":[49],"tags":[],"class_list":{"0":"post-83533","1":"post","2":"type-post","3":"status-publish","4":"format-standard","5":"has-post-thumbnail","7":"category-social"},"_links":{"self":[{"href":"https:\/\/jms.com.bo\/mediamonitor\/wp-json\/wp\/v2\/posts\/83533","targetHints":{"allow":["GET"]}}],"collection":[{"href":"https:\/\/jms.com.bo\/mediamonitor\/wp-json\/wp\/v2\/posts"}],"about":[{"href":"https:\/\/jms.com.bo\/mediamonitor\/wp-json\/wp\/v2\/types\/post"}],"author":[{"embeddable":true,"href":"https:\/\/jms.com.bo\/mediamonitor\/wp-json\/wp\/v2\/users\/1"}],"replies":[{"embeddable":true,"href":"https:\/\/jms.com.bo\/mediamonitor\/wp-json\/wp\/v2\/comments?post=83533"}],"version-history":[{"count":0,"href":"https:\/\/jms.com.bo\/mediamonitor\/wp-json\/wp\/v2\/posts\/83533\/revisions"}],"wp:featuredmedia":[{"embeddable":true,"href":"https:\/\/jms.com.bo\/mediamonitor\/wp-json\/wp\/v2\/media\/83534"}],"wp:attachment":[{"href":"https:\/\/jms.com.bo\/mediamonitor\/wp-json\/wp\/v2\/media?parent=83533"}],"wp:term":[{"taxonomy":"category","embeddable":true,"href":"https:\/\/jms.com.bo\/mediamonitor\/wp-json\/wp\/v2\/categories?post=83533"},{"taxonomy":"post_tag","embeddable":true,"href":"https:\/\/jms.com.bo\/mediamonitor\/wp-json\/wp\/v2\/tags?post=83533"}],"curies":[{"name":"wp","href":"https:\/\/api.w.org\/{rel}","templated":true}]}}