{"id":83537,"date":"2026-01-15T07:20:29","date_gmt":"2026-01-15T11:20:29","guid":{"rendered":"https:\/\/mediamonitorbo.com.bo\/?p=16544"},"modified":"2026-01-15T07:20:29","modified_gmt":"2026-01-15T11:20:29","slug":"el-gobierno-no-descarta-asociarse-con-privados-para-el-manejo-de-boa","status":"publish","type":"post","link":"https:\/\/jms.com.bo\/mediamonitor\/2026\/01\/15\/el-gobierno-no-descarta-asociarse-con-privados-para-el-manejo-de-boa\/","title":{"rendered":"El gobierno no descarta asociarse con privados para el manejo de BoA"},"content":{"rendered":"<p style=\"text-align: justify\">El ministro de Obras P\u00fablicas, Mauricio Zamora, afirm\u00f3 que se analiza la posibilidad de que Boliviana de Aviaci\u00f3n (BoA) se asocie con empresas privadas del exterior en el marco de un proyecto de fortalecimiento y reactivaci\u00f3n.<\/p>\n<p style=\"text-align: justify\">\u201cTenemos propuestas de empresas, son seis opciones (\u2026) son l\u00edneas que quieren asociarse con BoA\u201d, sostuvo la autoridad de acuerdo a una nota de prensa de Obras P\u00fablicas. El eventual acuerdo se realizar\u00eda en el marco de una alianza p\u00fablico-privada para que, seg\u00fan agrega el ministro, se cumpla el objetivo de \u201casociarse a una empresa que tenga un mejor conocimiento, un mejor manejo, que pueda inyectar (recursos) y traer aviones\u201d.<\/p>\n<p style=\"text-align: justify\">Zamora adelant\u00f3 que ya tiene previstas reuniones con ejecutivos de las aerol\u00edneas internacionales Emirates y Turkish.<\/p>\n<p style=\"text-align: justify\">De acuerdo al gobierno, mientras se avanza en este posible paso para asociar a la l\u00ednea a\u00e9rea boliviana, en poco m\u00e1s de dos meses de gesti\u00f3n, BoA pas\u00f3 de operar con ocho aviones a tener 12 a disposici\u00f3n de los pasajeros para sus diferentes rutas nacionales e internacionales. \u201cEstamos tratando de recuperar m\u00e1s; todo el mundo viajaba en diciembre y era muy dif\u00edcil contener la demanda\u201d, remarc\u00f3 Zamora.<\/p>\n","protected":false},"excerpt":{"rendered":"<p>El ministro de Obras P\u00fablicas, Mauricio Zamora, afirm\u00f3 que se analiza la posibilidad de que Boliviana de Aviaci\u00f3n (BoA) se asocie con empresas privadas del exterior en el marco de un proyecto de fortalecimiento y reactivaci\u00f3n. \u201cTenemos propuestas de empresas, son seis opciones (\u2026) son l\u00edneas que quieren asociarse con BoA\u201d, sostuvo la autoridad de [&hellip;]<\/p>\n","protected":false},"author":1,"featured_media":83538,"comment_status":"closed","ping_status":"open","sticky":false,"template":"","format":"standard","meta":{"footnotes":""},"categories":[20],"tags":[],"class_list":{"0":"post-83537","1":"post","2":"type-post","3":"status-publish","4":"format-standard","5":"has-post-thumbnail","7":"category-actualidad"},"_links":{"self":[{"href":"https:\/\/jms.com.bo\/mediamonitor\/wp-json\/wp\/v2\/posts\/83537","targetHints":{"allow":["GET"]}}],"collection":[{"href":"https:\/\/jms.com.bo\/mediamonitor\/wp-json\/wp\/v2\/posts"}],"about":[{"href":"https:\/\/jms.com.bo\/mediamonitor\/wp-json\/wp\/v2\/types\/post"}],"author":[{"embeddable":true,"href":"https:\/\/jms.com.bo\/mediamonitor\/wp-json\/wp\/v2\/users\/1"}],"replies":[{"embeddable":true,"href":"https:\/\/jms.com.bo\/mediamonitor\/wp-json\/wp\/v2\/comments?post=83537"}],"version-history":[{"count":0,"href":"https:\/\/jms.com.bo\/mediamonitor\/wp-json\/wp\/v2\/posts\/83537\/revisions"}],"wp:featuredmedia":[{"embeddable":true,"href":"https:\/\/jms.com.bo\/mediamonitor\/wp-json\/wp\/v2\/media\/83538"}],"wp:attachment":[{"href":"https:\/\/jms.com.bo\/mediamonitor\/wp-json\/wp\/v2\/media?parent=83537"}],"wp:term":[{"taxonomy":"category","embeddable":true,"href":"https:\/\/jms.com.bo\/mediamonitor\/wp-json\/wp\/v2\/categories?post=83537"},{"taxonomy":"post_tag","embeddable":true,"href":"https:\/\/jms.com.bo\/mediamonitor\/wp-json\/wp\/v2\/tags?post=83537"}],"curies":[{"name":"wp","href":"https:\/\/api.w.org\/{rel}","templated":true}]}}