{"id":83541,"date":"2026-01-15T07:24:43","date_gmt":"2026-01-15T11:24:43","guid":{"rendered":"https:\/\/mediamonitorbo.com.bo\/?p=16550"},"modified":"2026-01-15T07:24:43","modified_gmt":"2026-01-15T11:24:43","slug":"el-ejecutivo-decreta-arancel-de-0-para-importacion-de-equipos-electronicos","status":"publish","type":"post","link":"https:\/\/jms.com.bo\/mediamonitor\/2026\/01\/15\/el-ejecutivo-decreta-arancel-de-0-para-importacion-de-equipos-electronicos\/","title":{"rendered":"El Ejecutivo decreta arancel de 0% para importaci\u00f3n de equipos electr\u00f3nicos"},"content":{"rendered":"<p style=\"text-align: justify\">El Gobierno dispuso un arancel de 0% para la importaci\u00f3n de dispositivos electr\u00f3nicos mediante el Decreto Supremo 5518, publicado el martes 13 de enero en la Gaceta Oficial del Estado, con vigencia hasta el 31 de diciembre de 2026.<\/p>\n<p style=\"text-align: justify\">\u201cSe modifica la al\u00edcuota del Gravamen Arancelario a cero por ciento (0%) hasta el 31 de diciembre de 2026, para la importaci\u00f3n de dispositivos electr\u00f3nicos identificados en las subpartidas arancelarias, que en Anexo forman parte indivisible del presente Decreto Supremo\u201d, se\u00f1ala el art\u00edculo \u00fanico de la norma.<\/p>\n<p style=\"text-align: justify\">Productos beneficiados<\/p>\n<p style=\"text-align: justify\">Entre los productos incluidos figuran tel\u00e9fonos m\u00f3viles, impresoras, tablets, c\u00e1maras, auriculares, micr\u00f3fonos, calculadoras, equipos de grabaci\u00f3n o amplificaci\u00f3n de sonido y videoconsolas, entre otros dispositivos electr\u00f3nicos.<\/p>\n<p style=\"text-align: justify\">El decreto establece que la medida entrar\u00e1 en vigencia tres d\u00edas h\u00e1biles despu\u00e9s de su publicaci\u00f3n. El Ministerio de Econom\u00eda y Finanzas P\u00fablicas qued\u00f3 a cargo de su ejecuci\u00f3n y cumplimiento.<\/p>\n<p style=\"text-align: justify\">Anuncio previo del Ejecutivo<\/p>\n<p style=\"text-align: justify\">El 3 de diciembre, durante un acto en Oruro, el presidente, Rodrigo Paz,anunci\u00f3 la mediday aclar\u00f3 que se aplicar\u00eda \u00fanicamente a equipos tecnol\u00f3gicos que no se produzcan en el pa\u00eds.<\/p>\n<p style=\"text-align: justify\">\u201cLes quiero anunciar que todo los que no se produce en Bolivia en t\u00e9rminos de tecnolog\u00eda \u2013como nos hemos comprometido\u2013, cero arancel compa\u00f1eros\u201d, afirm\u00f3 el presidente en esa ocasi\u00f3n.<\/p>\n<p style=\"text-align: justify\">Detalles de los productos<\/p>\n<p style=\"text-align: justify\">En el anexo del decreto se detalla la lista completa de los art\u00edculos beneficiados con el arancel cero. Estos son:<\/p>\n","protected":false},"excerpt":{"rendered":"<p>El Gobierno dispuso un arancel de 0% para la importaci\u00f3n de dispositivos electr\u00f3nicos mediante el Decreto Supremo 5518, publicado el martes 13 de enero en la Gaceta Oficial del Estado, con vigencia hasta el 31 de diciembre de 2026. \u201cSe modifica la al\u00edcuota del Gravamen Arancelario a cero por ciento (0%) hasta el 31 de [&hellip;]<\/p>\n","protected":false},"author":1,"featured_media":83542,"comment_status":"closed","ping_status":"open","sticky":false,"template":"","format":"standard","meta":{"footnotes":""},"categories":[20,47,48],"tags":[],"class_list":{"0":"post-83541","1":"post","2":"type-post","3":"status-publish","4":"format-standard","5":"has-post-thumbnail","7":"category-actualidad","8":"category-portada-actualidad","9":"category-portada-general-sitio"},"_links":{"self":[{"href":"https:\/\/jms.com.bo\/mediamonitor\/wp-json\/wp\/v2\/posts\/83541","targetHints":{"allow":["GET"]}}],"collection":[{"href":"https:\/\/jms.com.bo\/mediamonitor\/wp-json\/wp\/v2\/posts"}],"about":[{"href":"https:\/\/jms.com.bo\/mediamonitor\/wp-json\/wp\/v2\/types\/post"}],"author":[{"embeddable":true,"href":"https:\/\/jms.com.bo\/mediamonitor\/wp-json\/wp\/v2\/users\/1"}],"replies":[{"embeddable":true,"href":"https:\/\/jms.com.bo\/mediamonitor\/wp-json\/wp\/v2\/comments?post=83541"}],"version-history":[{"count":0,"href":"https:\/\/jms.com.bo\/mediamonitor\/wp-json\/wp\/v2\/posts\/83541\/revisions"}],"wp:featuredmedia":[{"embeddable":true,"href":"https:\/\/jms.com.bo\/mediamonitor\/wp-json\/wp\/v2\/media\/83542"}],"wp:attachment":[{"href":"https:\/\/jms.com.bo\/mediamonitor\/wp-json\/wp\/v2\/media?parent=83541"}],"wp:term":[{"taxonomy":"category","embeddable":true,"href":"https:\/\/jms.com.bo\/mediamonitor\/wp-json\/wp\/v2\/categories?post=83541"},{"taxonomy":"post_tag","embeddable":true,"href":"https:\/\/jms.com.bo\/mediamonitor\/wp-json\/wp\/v2\/tags?post=83541"}],"curies":[{"name":"wp","href":"https:\/\/api.w.org\/{rel}","templated":true}]}}