{"id":83543,"date":"2026-01-15T07:26:26","date_gmt":"2026-01-15T11:26:26","guid":{"rendered":"https:\/\/mediamonitorbo.com.bo\/?p=16553"},"modified":"2026-01-15T07:26:26","modified_gmt":"2026-01-15T11:26:26","slug":"montes-exige-informacion-clara-sobre-tariquia","status":"publish","type":"post","link":"https:\/\/jms.com.bo\/mediamonitor\/2026\/01\/15\/montes-exige-informacion-clara-sobre-tariquia\/","title":{"rendered":"Montes exige informaci\u00f3n clara sobre Tariqu\u00eda"},"content":{"rendered":"<p style=\"text-align: justify\">El gobernador de Tarija, Oscar Montes, reafirm\u00f3 la defensa de la Reserva Nacional de Flora y Fauna Tariqu\u00eda y llam\u00f3 a que el debate en torno a esta \u00e1rea protegida se encare con responsabilidad, transparencia y sin intereses pol\u00edticos, en medio de la creciente pol\u00e9mica por el ingreso de actividades hidrocarbur\u00edferas.<\/p>\n<p style=\"text-align: justify\">\u201cTarija no va a permitir que se ingrese a la reserva ni que se ponga en riesgo Tariqu\u00eda. Esta es una decisi\u00f3n que el pueblo tarije\u00f1o tom\u00f3 hace muchos a\u00f1os y tiene que ver con la subsistencia misma de nuestro sistema natural e hidrol\u00f3gico\u201d, afirm\u00f3.<\/p>\n<p style=\"text-align: justify\">Montes sostuvo que toda la informaci\u00f3n relacionada con Tariqu\u00eda debe ser puesta a disposici\u00f3n de la ciudadan\u00eda de manera clara y verificable, y advirti\u00f3 que el tema no debe ser abordado desde la especulaci\u00f3n ni el juicio pol\u00edtico anticipado. \u201cNo podemos convertirnos en jueces; esa es una tarea de las instancias de justicia. Lo que corresponde es transparentar toda la informaci\u00f3n t\u00e9cnica\u201d, se\u00f1al\u00f3.<\/p>\n<p style=\"text-align: justify\">En ese sentido, el Gobernador consider\u00f3 necesario esclarecer aspectos clave como la existencia o no de contratos, el cumplimiento de los procesos de consulta a las comunidades, la ubicaci\u00f3n exacta de eventuales trabajos \u2014dentro o fuera de la reserva\u2014 y los posibles riesgos ambientales. Estos puntos, indic\u00f3, deben ser analizados en espacios t\u00e9cnicos y no en escenarios de confrontaci\u00f3n pol\u00edtica.<\/p>\n<p style=\"text-align: justify\">La autoridad departamental record\u00f3 que Tarija forma parte de la denominada \u201cBolivia seca\u201d, con un promedio anual de apenas 600 mil\u00edmetros de precipitaci\u00f3n, por lo que cualquier afectaci\u00f3n a la reserva podr\u00eda tener consecuencias directas sobre el abastecimiento de agua y la actividad productiva del Valle Central. \u201cComprometer Tariqu\u00eda significar\u00eda poner en peligro la producci\u00f3n y el h\u00e1bitat de todo el Valle Central\u201d, advirti\u00f3.<\/p>\n<p style=\"text-align: justify\">Finalmente, Montes aclar\u00f3 que la gesti\u00f3n sobre Tariqu\u00eda es una competencia privativa del nivel central del Estado y que el tratamiento del tema se encuentra en instancias nacionales.<\/p>\n","protected":false},"excerpt":{"rendered":"<p>El gobernador de Tarija, Oscar Montes, reafirm\u00f3 la defensa de la Reserva Nacional de Flora y Fauna Tariqu\u00eda y llam\u00f3 a que el debate en torno a esta \u00e1rea protegida se encare con responsabilidad, transparencia y sin intereses pol\u00edticos, en medio de la creciente pol\u00e9mica por el ingreso de actividades hidrocarbur\u00edferas. \u201cTarija no va a [&hellip;]<\/p>\n","protected":false},"author":1,"featured_media":83544,"comment_status":"closed","ping_status":"open","sticky":false,"template":"","format":"standard","meta":{"footnotes":""},"categories":[18],"tags":[],"class_list":{"0":"post-83543","1":"post","2":"type-post","3":"status-publish","4":"format-standard","5":"has-post-thumbnail","7":"category-politica"},"_links":{"self":[{"href":"https:\/\/jms.com.bo\/mediamonitor\/wp-json\/wp\/v2\/posts\/83543","targetHints":{"allow":["GET"]}}],"collection":[{"href":"https:\/\/jms.com.bo\/mediamonitor\/wp-json\/wp\/v2\/posts"}],"about":[{"href":"https:\/\/jms.com.bo\/mediamonitor\/wp-json\/wp\/v2\/types\/post"}],"author":[{"embeddable":true,"href":"https:\/\/jms.com.bo\/mediamonitor\/wp-json\/wp\/v2\/users\/1"}],"replies":[{"embeddable":true,"href":"https:\/\/jms.com.bo\/mediamonitor\/wp-json\/wp\/v2\/comments?post=83543"}],"version-history":[{"count":0,"href":"https:\/\/jms.com.bo\/mediamonitor\/wp-json\/wp\/v2\/posts\/83543\/revisions"}],"wp:featuredmedia":[{"embeddable":true,"href":"https:\/\/jms.com.bo\/mediamonitor\/wp-json\/wp\/v2\/media\/83544"}],"wp:attachment":[{"href":"https:\/\/jms.com.bo\/mediamonitor\/wp-json\/wp\/v2\/media?parent=83543"}],"wp:term":[{"taxonomy":"category","embeddable":true,"href":"https:\/\/jms.com.bo\/mediamonitor\/wp-json\/wp\/v2\/categories?post=83543"},{"taxonomy":"post_tag","embeddable":true,"href":"https:\/\/jms.com.bo\/mediamonitor\/wp-json\/wp\/v2\/tags?post=83543"}],"curies":[{"name":"wp","href":"https:\/\/api.w.org\/{rel}","templated":true}]}}