{"id":83545,"date":"2026-01-15T07:28:02","date_gmt":"2026-01-15T11:28:02","guid":{"rendered":"https:\/\/mediamonitorbo.com.bo\/?p=16556"},"modified":"2026-01-15T07:28:02","modified_gmt":"2026-01-15T11:28:02","slug":"tse-tsj-y-tcp-se-reunen-en-sucre-para-garantizar-las-subnacionales","status":"publish","type":"post","link":"https:\/\/jms.com.bo\/mediamonitor\/2026\/01\/15\/tse-tsj-y-tcp-se-reunen-en-sucre-para-garantizar-las-subnacionales\/","title":{"rendered":"TSE, TSJ y TCP se re\u00fanen en Sucre para garantizar las subnacionales"},"content":{"rendered":"<p style=\"text-align: justify\">Con el objetivo de blindar el calendario de las elecciones subnacionales previstas para marzo de 2026, el Tribunal Supremo Electoral (TSE) sostendr\u00e1 este jueves una reuni\u00f3n de alto nivel en Sucre con las m\u00e1ximas autoridades del \u00d3rgano Judicial, el Tribunal Constitucional Plurinacional (TCP) y la Fiscal\u00eda General del Estado. El encuentro busca establecer mecanismos de coordinaci\u00f3n efectivos que impidan que fallos judiciales o acciones administrativas entorpezcan el desarrollo del proceso democr\u00e1tico.<\/p>\n<p style=\"text-align: justify\">La cita, programada para las 10:00, fue convocada por el presidente del TSE, Gustavo \u00c1vila, quien adelant\u00f3, en una conferencia de prensa en Sucre, que se abordar\u00e1 \u201ctodo el tema jurisdiccional electoral\u201d. El ente electoral busca prevenir que recursos legales o sentencias de otras instancias alteren la preparaci\u00f3n, el desarrollo y la conclusi\u00f3n de los comicios, garantizando as\u00ed el normal ejercicio del voto.<\/p>\n<p style=\"text-align: justify\">Por su parte, el presidente del Tribunal Supremo de Justicia (TSJ), Romer Saucedo, confirm\u00f3 su asistencia y ratific\u00f3 el compromiso de la justicia con la institucionalidad democr\u00e1tica. Seg\u00fan el magistrado, la reuni\u00f3n servir\u00e1 para definir acciones claras y, sobre todo, para respetar las competencias privativas de cada \u00f3rgano del Estado.<\/p>\n<p style=\"text-align: justify\">La reuni\u00f3n ser\u00e1 \u201cpara tomar algunas acciones que puedan garantizar que no se entorpezcan el desarrollo del calendario electoral de las elecciones que ya est\u00e1n en curso. Es importante tener las cosas claras y, por sobre todo, respetar las atribuciones que cada instituci\u00f3n tiene. Hemos dicho que nuestro compromiso con la democracia es firme no vamos a entorpecer las actividades del TSE. Ese ser\u00e1 uno de los puntos que abordaremos ma\u00f1ana\u201d, adelant\u00f3 Saucedo.<\/p>\n<p style=\"text-align: justify\">Entre los temas sensibles en agenda, se prev\u00e9 analizar el rol de las salas constitucionales frente a recursos presentados por partidos pol\u00edticos que perdieron su personer\u00eda jur\u00eddica. Saucedo reconoci\u00f3 que este ser\u00e1 uno de los puntos de debate para brindar certidumbre a la ciudadan\u00eda.<\/p>\n<p style=\"text-align: justify\">Al finalizar la jornada de trabajo, \u00c1vila anunci\u00f3 que las autoridades de todas las instituciones participantes emitir\u00e1n un pronunciamiento conjunto dirigido al pa\u00eds.<\/p>\n","protected":false},"excerpt":{"rendered":"<p>Con el objetivo de blindar el calendario de las elecciones subnacionales previstas para marzo de 2026, el Tribunal Supremo Electoral (TSE) sostendr\u00e1 este jueves una reuni\u00f3n de alto nivel en Sucre con las m\u00e1ximas autoridades del \u00d3rgano Judicial, el Tribunal Constitucional Plurinacional (TCP) y la Fiscal\u00eda General del Estado. El encuentro busca establecer mecanismos de [&hellip;]<\/p>\n","protected":false},"author":1,"featured_media":83546,"comment_status":"closed","ping_status":"open","sticky":false,"template":"","format":"standard","meta":{"footnotes":""},"categories":[18],"tags":[],"class_list":{"0":"post-83545","1":"post","2":"type-post","3":"status-publish","4":"format-standard","5":"has-post-thumbnail","7":"category-politica"},"_links":{"self":[{"href":"https:\/\/jms.com.bo\/mediamonitor\/wp-json\/wp\/v2\/posts\/83545","targetHints":{"allow":["GET"]}}],"collection":[{"href":"https:\/\/jms.com.bo\/mediamonitor\/wp-json\/wp\/v2\/posts"}],"about":[{"href":"https:\/\/jms.com.bo\/mediamonitor\/wp-json\/wp\/v2\/types\/post"}],"author":[{"embeddable":true,"href":"https:\/\/jms.com.bo\/mediamonitor\/wp-json\/wp\/v2\/users\/1"}],"replies":[{"embeddable":true,"href":"https:\/\/jms.com.bo\/mediamonitor\/wp-json\/wp\/v2\/comments?post=83545"}],"version-history":[{"count":0,"href":"https:\/\/jms.com.bo\/mediamonitor\/wp-json\/wp\/v2\/posts\/83545\/revisions"}],"wp:featuredmedia":[{"embeddable":true,"href":"https:\/\/jms.com.bo\/mediamonitor\/wp-json\/wp\/v2\/media\/83546"}],"wp:attachment":[{"href":"https:\/\/jms.com.bo\/mediamonitor\/wp-json\/wp\/v2\/media?parent=83545"}],"wp:term":[{"taxonomy":"category","embeddable":true,"href":"https:\/\/jms.com.bo\/mediamonitor\/wp-json\/wp\/v2\/categories?post=83545"},{"taxonomy":"post_tag","embeddable":true,"href":"https:\/\/jms.com.bo\/mediamonitor\/wp-json\/wp\/v2\/tags?post=83545"}],"curies":[{"name":"wp","href":"https:\/\/api.w.org\/{rel}","templated":true}]}}