{"id":83547,"date":"2026-01-15T07:43:34","date_gmt":"2026-01-15T11:43:34","guid":{"rendered":"https:\/\/mediamonitorbo.com.bo\/?p=16559"},"modified":"2026-01-15T07:43:34","modified_gmt":"2026-01-15T11:43:34","slug":"legisladores-promueven-al-menos-tres-leyes-para-sancionar-los-bloqueos","status":"publish","type":"post","link":"https:\/\/jms.com.bo\/mediamonitor\/2026\/01\/15\/legisladores-promueven-al-menos-tres-leyes-para-sancionar-los-bloqueos\/","title":{"rendered":"Legisladores promueven al menos tres leyes para sancionar los bloqueos"},"content":{"rendered":"<p style=\"text-align: justify\">Legisladores anunciaron que apoyar\u00e1n desde la Asamblea Legislativa Plurinacional (ALP) la promoci\u00f3n de una ley anti bloqueos. En la Asamblea hay al menos tres proyectos que sancionan estas medidas, pero los parlamentarios aseguran que estas iniciativas no van en contra del derecho a la protesta.<\/p>\n<p style=\"text-align: justify\">\u201cNuestra intenci\u00f3n es apoyar cualquier iniciativa legislativa que garantice los derechos fundamentales de los ciudadanos. Creo que es fundamental tener una normativa que sancione a estos grupos radicales, pero eso no significa que estemos en contra el derecho a la protesta o reivindicaciones de cualquier sector\u201d, afirm\u00f3 Lissa Claros, diputada de Libre, a Urgente.bo.<\/p>\n<p style=\"text-align: justify\">Tanto en la C\u00e1mara de Diputados como en el Senado se est\u00e1n presentando proyectos de ley para regular las acciones de bloqueo y sancionar a quienes las impulsen en el pa\u00eds. En diciembre, el diputado de Alianza Unidad, Carlos Alarc\u00f3n, fue el primero en plantear tipificar los bloqueos como un delito grave. Su proyecto contempla sanciones de entre 10 y 20 a\u00f1os de c\u00e1rcel para quienes promuevan, organicen, instiguen o financien estas acciones.<\/p>\n<p style=\"text-align: justify\">Libre tambi\u00e9n present\u00f3 un proyecto de ley para sancionar los bloqueos. \u201cCualquier reivindicaci\u00f3n siempre y cuando sea leg\u00edtima y cuente con apoyo de las autoridades correspondientes est\u00e1 garantizada. Pero eso no significa que grupos vandalistas, como hemos visto en la ciudad de El Alto, intenten someter a los pobladores, cometiendo acciones extremistas para imponer sus intereses. Esto no puede volver a ocurrir en Bolivia\u201d, resalt\u00f3 Claros.<\/p>\n<p style=\"text-align: justify\">En los \u00faltimos d\u00edas se denunci\u00f3 que bloqueadores afines a la Central Obrera Boliviana (COB) agredieron a transe\u00fantes e incluso a negocios. En la urbe alte\u00f1a Alto, el pasado domingo, grupos vand\u00e1licos agredieron a transe\u00fantes y causaron destrozos en veh\u00edculos que circulaban pro el sector.<\/p>\n<p style=\"text-align: justify\">Desde el Senado, tambi\u00e9n se present\u00f3 un proyecto de ley. La senadora por APB S\u00famate, Claudia Mall\u00f3n, propuso sanciones de 8 a 10 a\u00f1os de c\u00e1rcel para bloqueadores. \u201cHemos sido rehenes de los caprichos de la COB. Por eso, nuestro proyecto establece sanciones de 8 a 10 a\u00f1os para quienes impidan el paso de agua potable, alimentos y bloqueen las principales carreteras del pa\u00eds\u201d, puntualiz\u00f3 la legisladora.<\/p>\n<p style=\"text-align: justify\">Manolo Rojas, diputado del PDC, tambi\u00e9n manifest\u00f3 su apoyo. \u201cNo vamos a retroceder en este proyecto de ley que criminaliza los bloqueos. La nueva Bolivia garantiza el derecho a la protesta y a la huelga, pero no toleraremos negociaciones con criminales que golpean a hombres y mujeres en las calles y bloquean la econom\u00eda\u201d, se\u00f1al\u00f3.<\/p>\n<p style=\"text-align: justify\">Por su parte, la bancada de la oposici\u00f3n, como Alianza Popular, adelant\u00f3 que no apoyar\u00e1 esta normativa, al igual que la COB, que rechaz\u00f3 este martes que la ALP promueva un proyecto de ley para sancionar penalmente los bloqueos.<\/p>\n","protected":false},"excerpt":{"rendered":"<p>Legisladores anunciaron que apoyar\u00e1n desde la Asamblea Legislativa Plurinacional (ALP) la promoci\u00f3n de una ley anti bloqueos. En la Asamblea hay al menos tres proyectos que sancionan estas medidas, pero los parlamentarios aseguran que estas iniciativas no van en contra del derecho a la protesta. \u201cNuestra intenci\u00f3n es apoyar cualquier iniciativa legislativa que garantice los [&hellip;]<\/p>\n","protected":false},"author":1,"featured_media":83548,"comment_status":"closed","ping_status":"open","sticky":false,"template":"","format":"standard","meta":{"footnotes":""},"categories":[18,48,46],"tags":[],"class_list":{"0":"post-83547","1":"post","2":"type-post","3":"status-publish","4":"format-standard","5":"has-post-thumbnail","7":"category-politica","8":"category-portada-general-sitio","9":"category-portada-politica"},"_links":{"self":[{"href":"https:\/\/jms.com.bo\/mediamonitor\/wp-json\/wp\/v2\/posts\/83547","targetHints":{"allow":["GET"]}}],"collection":[{"href":"https:\/\/jms.com.bo\/mediamonitor\/wp-json\/wp\/v2\/posts"}],"about":[{"href":"https:\/\/jms.com.bo\/mediamonitor\/wp-json\/wp\/v2\/types\/post"}],"author":[{"embeddable":true,"href":"https:\/\/jms.com.bo\/mediamonitor\/wp-json\/wp\/v2\/users\/1"}],"replies":[{"embeddable":true,"href":"https:\/\/jms.com.bo\/mediamonitor\/wp-json\/wp\/v2\/comments?post=83547"}],"version-history":[{"count":0,"href":"https:\/\/jms.com.bo\/mediamonitor\/wp-json\/wp\/v2\/posts\/83547\/revisions"}],"wp:featuredmedia":[{"embeddable":true,"href":"https:\/\/jms.com.bo\/mediamonitor\/wp-json\/wp\/v2\/media\/83548"}],"wp:attachment":[{"href":"https:\/\/jms.com.bo\/mediamonitor\/wp-json\/wp\/v2\/media?parent=83547"}],"wp:term":[{"taxonomy":"category","embeddable":true,"href":"https:\/\/jms.com.bo\/mediamonitor\/wp-json\/wp\/v2\/categories?post=83547"},{"taxonomy":"post_tag","embeddable":true,"href":"https:\/\/jms.com.bo\/mediamonitor\/wp-json\/wp\/v2\/tags?post=83547"}],"curies":[{"name":"wp","href":"https:\/\/api.w.org\/{rel}","templated":true}]}}