{"id":83549,"date":"2026-01-15T07:44:52","date_gmt":"2026-01-15T11:44:52","guid":{"rendered":"https:\/\/mediamonitorbo.com.bo\/?p=16562"},"modified":"2026-01-15T07:44:52","modified_gmt":"2026-01-15T11:44:52","slug":"unico-pais-de-sudamerica-bolivia-decrecera-en-2026","status":"publish","type":"post","link":"https:\/\/jms.com.bo\/mediamonitor\/2026\/01\/15\/unico-pais-de-sudamerica-bolivia-decrecera-en-2026\/","title":{"rendered":"\u00danico pa\u00eds de Sudam\u00e9rica: Bolivia decrecer\u00e1 en 2026"},"content":{"rendered":"<p style=\"text-align: justify\">El Banco Mundial (BM) public\u00f3 su primer informe de 2026, titulado \u201cProyecciones Econ\u00f3micas Mundiales\u201d, en el que advierte que Bolivia ser\u00e1 el \u00fanico pa\u00eds de Sudam\u00e9rica cuya econom\u00eda entrar\u00e1 en recesi\u00f3n, tal como se anticip\u00f3 en la pasada gesti\u00f3n.<\/p>\n<p style=\"text-align: justify\">El Banco Mundial se\u00f1al\u00f3 que en 2025 la econom\u00eda boliviana registr\u00f3 una contracci\u00f3n del -0,5%. Para 2026, proyecta una ca\u00edda del -1,1%, mientras que en 2027 el decrecimiento ser\u00eda a\u00fan mayor, alcanzando el -1,5%.<\/p>\n<p style=\"text-align: justify\">Las previsiones del BM se dan en un contexto en el que la econom\u00eda boliviana a\u00fan registra cifras que generan alarma, como es el caso de la inflaci\u00f3n que alcanz\u00f3 un 20,4% en el 2025 y un d\u00e9ficit fiscal que bordea los Bs 39.000 millones en la misma gesti\u00f3n, esta \u00faltima cifra reflejada por el Banco Central de Bolivia.<\/p>\n<p style=\"text-align: justify\">Sin embargo, la administraci\u00f3n de Rodrigo Paz impulsa una serie de reformas con miras a reducir el gasto p\u00fablico y a producir m\u00e1s para contener la inflaci\u00f3n, es decir, para que bajen los precios de los productos de la canasta familiar.<\/p>\n<p style=\"text-align: justify\">SUDAM\u00c9RICA<\/p>\n<p style=\"text-align: justify\">Para Am\u00e9rica Latina y el Caribe, el BM prev\u00e9 que el crecimiento aumentar\u00e1 al 2,3% en\u202f2026 y continuar\u00e1 subiendo hasta llegar al 2,6% en 2027, cifras que contrastan con las previsiones para Bolivia.<\/p>\n<p style=\"text-align: justify\">A nivel de Sudam\u00e9rica, Argentina crecer\u00e1 este a\u00f1o un 4.0; Brasil, 2,0; Chile, 2.2; Colombia, 2,6; Ecuador, 2,0. La otra econom\u00eda con importante ascenso es Paraguay, con 3,9. Per\u00fa y Uruguay se mantienen sobre el margen promedio, 2,5 y 2,2, respectivamente.<\/p>\n<p style=\"text-align: justify\">Si se considera el cap\u00edtulo de Am\u00e9rica Latina y el Caribe, los \u00fanicos pa\u00edses con decrecimiento son Bolivia (-1,1) y Jamaica (-2,3); sin embargo, el pa\u00eds caribe\u00f1o tiene proyectado superar la recesi\u00f3n en 2027, constituy\u00e9ndose en uno de los pa\u00edses con m\u00e1s crecimiento porque se estima que crezca 3,7.<\/p>\n<p style=\"text-align: justify\">CRECIMIENTO MUNDIAL<\/p>\n<p style=\"text-align: justify\">Seg\u00fan la \u00faltima edici\u00f3n del informe Perspectivas econ\u00f3micas mundiales del BM, la econom\u00eda del planeta est\u00e1 demostrando ser m\u00e1s resiliente de lo previsto, a pesar de las persistentes tensiones comerciales y la incertidumbre en torno a las pol\u00edticas.<\/p>\n<p style=\"text-align: justify\">Se prev\u00e9 que el crecimiento mundial se mantendr\u00e1 estable en los pr\u00f3ximos dos a\u00f1os, con una ligera ca\u00edda al 2,6% en\u202f2026 para luego aumentar al 2,7% en\u202f2027, en lo que constituye una revisi\u00f3n al alza con respecto a la previsi\u00f3n de junio.<\/p>\n<p style=\"text-align: justify\">La resiliencia es reflejo de un crecimiento mayor de lo esperado, especialmente en Estados Unidos, que representa alrededor de dos tercios de la revisi\u00f3n al alza de las previsiones para\u202f2026. Aun as\u00ed, si este pron\u00f3stico se mantiene, la d\u00e9cada de\u202f2020 va camino a ser la de m\u00e1s d\u00e9bil crecimiento mundial desde los a\u00f1os sesenta.<\/p>\n<p style=\"text-align: justify\">En el informe se llega a la conclusi\u00f3n de que la desaceleraci\u00f3n est\u00e1 ampliando la brecha en los niveles de vida en todo el mundo: a fines de\u202f2025, casi todas las econom\u00edas avanzadas ten\u00edan ingresos per c\u00e1pita superiores a los niveles de\u202f2019, pero aproximadamente una de cada cuatro econom\u00edas en desarrollo ten\u00eda ingresos per c\u00e1pita m\u00e1s bajos.<\/p>\n<p style=\"text-align: justify\">INFLACI\u00d3N<\/p>\n<p style=\"text-align: justify\">Se estima que la inflaci\u00f3n mundial bajar\u00e1 al 2,6\u202f% en\u202f2026, como reflejo de la debilidad de los mercados laborales y la ca\u00edda de los precios de la energ\u00eda. Se espera que el crecimiento repunte en\u202f2027 a medida que se ajusten los flujos comerciales y disminuya la incertidumbre sobre las pol\u00edticas.<\/p>\n","protected":false},"excerpt":{"rendered":"<p>El Banco Mundial (BM) public\u00f3 su primer informe de 2026, titulado \u201cProyecciones Econ\u00f3micas Mundiales\u201d, en el que advierte que Bolivia ser\u00e1 el \u00fanico pa\u00eds de Sudam\u00e9rica cuya econom\u00eda entrar\u00e1 en recesi\u00f3n, tal como se anticip\u00f3 en la pasada gesti\u00f3n. El Banco Mundial se\u00f1al\u00f3 que en 2025 la econom\u00eda boliviana registr\u00f3 una contracci\u00f3n del -0,5%. Para [&hellip;]<\/p>\n","protected":false},"author":1,"featured_media":83550,"comment_status":"closed","ping_status":"open","sticky":false,"template":"","format":"standard","meta":{"footnotes":""},"categories":[25],"tags":[],"class_list":{"0":"post-83549","1":"post","2":"type-post","3":"status-publish","4":"format-standard","5":"has-post-thumbnail","7":"category-economia"},"_links":{"self":[{"href":"https:\/\/jms.com.bo\/mediamonitor\/wp-json\/wp\/v2\/posts\/83549","targetHints":{"allow":["GET"]}}],"collection":[{"href":"https:\/\/jms.com.bo\/mediamonitor\/wp-json\/wp\/v2\/posts"}],"about":[{"href":"https:\/\/jms.com.bo\/mediamonitor\/wp-json\/wp\/v2\/types\/post"}],"author":[{"embeddable":true,"href":"https:\/\/jms.com.bo\/mediamonitor\/wp-json\/wp\/v2\/users\/1"}],"replies":[{"embeddable":true,"href":"https:\/\/jms.com.bo\/mediamonitor\/wp-json\/wp\/v2\/comments?post=83549"}],"version-history":[{"count":0,"href":"https:\/\/jms.com.bo\/mediamonitor\/wp-json\/wp\/v2\/posts\/83549\/revisions"}],"wp:featuredmedia":[{"embeddable":true,"href":"https:\/\/jms.com.bo\/mediamonitor\/wp-json\/wp\/v2\/media\/83550"}],"wp:attachment":[{"href":"https:\/\/jms.com.bo\/mediamonitor\/wp-json\/wp\/v2\/media?parent=83549"}],"wp:term":[{"taxonomy":"category","embeddable":true,"href":"https:\/\/jms.com.bo\/mediamonitor\/wp-json\/wp\/v2\/categories?post=83549"},{"taxonomy":"post_tag","embeddable":true,"href":"https:\/\/jms.com.bo\/mediamonitor\/wp-json\/wp\/v2\/tags?post=83549"}],"curies":[{"name":"wp","href":"https:\/\/api.w.org\/{rel}","templated":true}]}}