{"id":83551,"date":"2026-01-15T07:46:42","date_gmt":"2026-01-15T11:46:42","guid":{"rendered":"https:\/\/mediamonitorbo.com.bo\/?p=16565"},"modified":"2026-01-15T07:46:42","modified_gmt":"2026-01-15T11:46:42","slug":"bolivia-expondra-su-agenda-de-crecimiento-e-inversion-en-foro-economico-de-la-caf","status":"publish","type":"post","link":"https:\/\/jms.com.bo\/mediamonitor\/2026\/01\/15\/bolivia-expondra-su-agenda-de-crecimiento-e-inversion-en-foro-economico-de-la-caf\/","title":{"rendered":"Bolivia expondr\u00e1 su agenda de crecimiento e inversi\u00f3n en Foro Econ\u00f3mico de la CAF"},"content":{"rendered":"<p style=\"text-align: justify\">\u2018Bolivia: Agenda de Crecimiento, Inversi\u00f3n y Desarrollo Sostenible\u2019 es el t\u00edtulo del panel donde representantes del gobierno e importantes instituciones del pa\u00eds expondr\u00e1n, en el Foro Econ\u00f3mico Internacional de la CAF &#8211; Banco de Desarrollo de Am\u00e9rica Latina y el Caribe, sobre la agenda de crecimiento e inversi\u00f3n en Bolivia.<\/p>\n<p style=\"text-align: justify\">La conversaci\u00f3n, seg\u00fan la informaci\u00f3n dada a conocer dentro de la agenda de actividades, abordar\u00e1 los retos y las oportunidades para dinamizar la inversi\u00f3n p\u00fablica y privada en el pa\u00eds, adem\u00e1s de informar sobre c\u00f3mo diversificar la matriz productiva m\u00e1s all\u00e1 de los hidrocarburos, impulsar sectores como la agroindustria, la industria manufacturera, el turismo y la econom\u00eda del litio, y fortalecer la infraestructura y la integraci\u00f3n log\u00edstica con la regi\u00f3n.<\/p>\n<p style=\"text-align: justify\">\u201cBolivia expone su potencial de crecimiento sostenido e inclusivo, aprovechando estrat\u00e9gicamente sus recursos naturales, su posici\u00f3n andino-amaz\u00f3nica y su mercado interno en expansi\u00f3n\u201d, se\u00f1al\u00f3 parte del texto que se encuentra en el programa.<\/p>\n<p style=\"text-align: justify\">En panel participaran representantes del sector p\u00fablico y privado, as\u00ed como de organismos multilaterales, para discutir qu\u00e9 reformas, marcos regulatorios y alianzas son necesarios para que Bolivia consolide un modelo de desarrollo que combine estabilidad macroecon\u00f3mica, creaci\u00f3n de empleo de calidad y sostenibilidad ambiental.<\/p>\n<p style=\"text-align: justify\">Los panelistas son: el expresidente de la CAF, Enrique Garc\u00eda; el presidente de Cainco, Jean Pierre Antelo; el ministro de Econom\u00eda y Finanzas P\u00fablicas de Bolivia, Jos\u00e9 Gabriel Espinoza; y la vicepresidenta corporativa del Grupo Kuljis, Marilyn Cochamanidis.<\/p>\n<p style=\"text-align: justify\">La representante de la CAF en Bolivia, Jeannette S\u00e1nchez, ser\u00e1 la moderadora del panel. Este se realizar\u00e1 el 28 de enero, a las 15:00, en la Sala \u2018CAF Inspira\u2019.<\/p>\n<p style=\"text-align: justify\">Por otro lado, el presidente del Estado Plurinacional, Rodrigo Paz Pereira, figura entre los mandatarios que har\u00e1n uso de la palabra en el acto inaugural.<\/p>\n<p style=\"text-align: justify\">Sobre el evento<\/p>\n<p style=\"text-align: justify\">El Foro Econ\u00f3mico Internacional Am\u00e9rica Latina y el Caribe 2026 se llevar\u00e1 a cabo los d\u00edas 28 y 29 de enero de 2026 en la Ciudad de Panam\u00e1.<\/p>\n<p style=\"text-align: justify\">Este evento de alto nivel ser\u00e1 el punto de encuentro de empresarios, l\u00edderes influyentes y tomadores de decisi\u00f3n para abordar temas urgentes de Am\u00e9rica Latina y el Caribe y discutir acciones conjuntas que impulsen el crecimiento, la inclusi\u00f3n y la competitividad de la regi\u00f3n.<\/p>\n<p style=\"text-align: justify\">Las tem\u00e1ticas a tratar se enfocar\u00e1n en perspectivas macroecon\u00f3micas 2026, flujos de comercio e inversi\u00f3n, sector privado como motor del crecimiento, infraestructura aeroportuaria, conectividad \u00e1rea y turismo; inteligencia artificial para el desarrollo; energ\u00edas limpias y transici\u00f3n energ\u00e9tica; miner\u00eda sostenible; entre otros temas de vital importancia para el desarrollo de la regi\u00f3n.<\/p>\n","protected":false},"excerpt":{"rendered":"<p>\u2018Bolivia: Agenda de Crecimiento, Inversi\u00f3n y Desarrollo Sostenible\u2019 es el t\u00edtulo del panel donde representantes del gobierno e importantes instituciones del pa\u00eds expondr\u00e1n, en el Foro Econ\u00f3mico Internacional de la CAF &#8211; Banco de Desarrollo de Am\u00e9rica Latina y el Caribe, sobre la agenda de crecimiento e inversi\u00f3n en Bolivia. La conversaci\u00f3n, seg\u00fan la informaci\u00f3n [&hellip;]<\/p>\n","protected":false},"author":1,"featured_media":83552,"comment_status":"closed","ping_status":"open","sticky":false,"template":"","format":"standard","meta":{"footnotes":""},"categories":[25],"tags":[],"class_list":{"0":"post-83551","1":"post","2":"type-post","3":"status-publish","4":"format-standard","5":"has-post-thumbnail","7":"category-economia"},"_links":{"self":[{"href":"https:\/\/jms.com.bo\/mediamonitor\/wp-json\/wp\/v2\/posts\/83551","targetHints":{"allow":["GET"]}}],"collection":[{"href":"https:\/\/jms.com.bo\/mediamonitor\/wp-json\/wp\/v2\/posts"}],"about":[{"href":"https:\/\/jms.com.bo\/mediamonitor\/wp-json\/wp\/v2\/types\/post"}],"author":[{"embeddable":true,"href":"https:\/\/jms.com.bo\/mediamonitor\/wp-json\/wp\/v2\/users\/1"}],"replies":[{"embeddable":true,"href":"https:\/\/jms.com.bo\/mediamonitor\/wp-json\/wp\/v2\/comments?post=83551"}],"version-history":[{"count":0,"href":"https:\/\/jms.com.bo\/mediamonitor\/wp-json\/wp\/v2\/posts\/83551\/revisions"}],"wp:featuredmedia":[{"embeddable":true,"href":"https:\/\/jms.com.bo\/mediamonitor\/wp-json\/wp\/v2\/media\/83552"}],"wp:attachment":[{"href":"https:\/\/jms.com.bo\/mediamonitor\/wp-json\/wp\/v2\/media?parent=83551"}],"wp:term":[{"taxonomy":"category","embeddable":true,"href":"https:\/\/jms.com.bo\/mediamonitor\/wp-json\/wp\/v2\/categories?post=83551"},{"taxonomy":"post_tag","embeddable":true,"href":"https:\/\/jms.com.bo\/mediamonitor\/wp-json\/wp\/v2\/tags?post=83551"}],"curies":[{"name":"wp","href":"https:\/\/api.w.org\/{rel}","templated":true}]}}