{"id":83557,"date":"2026-01-15T07:51:45","date_gmt":"2026-01-15T11:51:45","guid":{"rendered":"https:\/\/mediamonitorbo.com.bo\/?p=16574"},"modified":"2026-01-15T07:51:45","modified_gmt":"2026-01-15T11:51:45","slug":"setar-y-emat-no-logran-consenso-por-el-cobro-de-la-tasa-de-aseo","status":"publish","type":"post","link":"https:\/\/jms.com.bo\/mediamonitor\/2026\/01\/15\/setar-y-emat-no-logran-consenso-por-el-cobro-de-la-tasa-de-aseo\/","title":{"rendered":"Setar y EMAT no logran consenso por el cobro de la tasa de aseo"},"content":{"rendered":"<p style=\"text-align: justify\">Servicios El\u00e9ctricos de Tarija (Setar) y la Entidad Municipal de Aseo de Tarija (EMAT) no han logrado destrabar el conflicto en torno al cobro de la tasa de aseo urbano, una situaci\u00f3n que mantiene en vilo la continuidad del servicio y que ha derivado en acusaciones cruzadas entre ambas instituciones. Mientras EMAT acudi\u00f3 al Juzgado Agroambiental para exigir la firma de un nuevo convenio, Setar sostiene que la empresa municipal se niega a aceptar modificaciones necesarias para cubrir los costos del servicio.<\/p>\n<p style=\"text-align: justify\">El gerente de Setar, Marco L\u00f3pez, lament\u00f3 que EMAT haya recurrido a la v\u00eda judicial pese a la existencia de una sentencia constitucional emitida en Sucre, la cual \u2014seg\u00fan explic\u00f3\u2014 establece plazos, responsabilidades y la obligaci\u00f3n de suscribir un convenio para el cobro del aseo urbano. No obstante, indic\u00f3 que el Juzgado Agroambiental otorg\u00f3 un plazo adicional de dos meses para la firma de un nuevo acuerdo.<\/p>\n<p style=\"text-align: justify\">L\u00f3pez asegur\u00f3 que Setar ha intentado cumplir con los plazos y mandatos judiciales, por lo que elabor\u00f3 un borrador de convenio que fue puesto en conocimiento del Juzgado Agroambiental y del Gobierno Municipal de Tarija. Sin embargo, afirm\u00f3 que EMAT rechaz\u00f3 el documento debido a dos modificaciones clave: el incremento del porcentaje de comisi\u00f3n por el servicio de cobro, de 2,5% a 5%, argumentando que los costos operativos de facturaci\u00f3n se incrementaron; y la propuesta de que la tasa de aseo urbano sea cobrada mediante un recibo adosado y no dentro de la factura de energ\u00eda el\u00e9ctrica.<\/p>\n<p style=\"text-align: justify\">La autoridad precis\u00f3 que actualmente Setar contin\u00faa realizando el cobro de la tasa de aseo urbano, pero advirti\u00f3 que este respaldo legal vence el pr\u00f3ximo 20 de enero. \u201cSi no existe un nuevo convenio firmado que nos respalde jur\u00eddicamente, Setar dejar\u00e1 de efectuar el cobro\u201d, sostuvo.<\/p>\n<p style=\"text-align: justify\">Desde EMAT, la versi\u00f3n es distinta. La semana pasada, el gerente de la entidad municipal, Rodrigo Castillo, denunci\u00f3 que el gerente de Setar no acept\u00f3 el porcentaje de comisi\u00f3n propuesto por el Gobierno Municipal para continuar con el cobro de la tasa, lo que provoc\u00f3 el quiebre de las mesas de trabajo instaladas durante m\u00e1s de dos meses.<\/p>\n<p style=\"text-align: justify\">\u201cEsto ha ocasionado que las mesas de trabajo y todas las negociaciones se caigan totalmente al piso. Desde esa fecha ya no hemos vuelto a restablecer el di\u00e1logo y hemos procedido a dejar que este convenio y todo el procedimiento se resuelva a trav\u00e9s de los estrados judiciales\u201d, expres\u00f3 Castillo.<\/p>\n<p style=\"text-align: justify\">El gerente de EMAT record\u00f3 que las mesas de trabajo se instalaron en cumplimiento de una medida precautoria, emergente de una acci\u00f3n presentada ante el Tribunal Agroambiental. En ese marco, explic\u00f3 que el juez agroambiental orden\u00f3 la consolidaci\u00f3n de un nuevo convenio y dispuso que Setar vuelva a incorporar el cobro de la tasa de aseo urbano en la factura de energ\u00eda el\u00e9ctrica.<\/p>\n","protected":false},"excerpt":{"rendered":"<p>Servicios El\u00e9ctricos de Tarija (Setar) y la Entidad Municipal de Aseo de Tarija (EMAT) no han logrado destrabar el conflicto en torno al cobro de la tasa de aseo urbano, una situaci\u00f3n que mantiene en vilo la continuidad del servicio y que ha derivado en acusaciones cruzadas entre ambas instituciones. Mientras EMAT acudi\u00f3 al Juzgado [&hellip;]<\/p>\n","protected":false},"author":1,"featured_media":83558,"comment_status":"closed","ping_status":"open","sticky":false,"template":"","format":"standard","meta":{"footnotes":""},"categories":[39,44,48],"tags":[],"class_list":{"0":"post-83557","1":"post","2":"type-post","3":"status-publish","4":"format-standard","5":"has-post-thumbnail","7":"category-energia","8":"category-portada-energia","9":"category-portada-general-sitio"},"_links":{"self":[{"href":"https:\/\/jms.com.bo\/mediamonitor\/wp-json\/wp\/v2\/posts\/83557","targetHints":{"allow":["GET"]}}],"collection":[{"href":"https:\/\/jms.com.bo\/mediamonitor\/wp-json\/wp\/v2\/posts"}],"about":[{"href":"https:\/\/jms.com.bo\/mediamonitor\/wp-json\/wp\/v2\/types\/post"}],"author":[{"embeddable":true,"href":"https:\/\/jms.com.bo\/mediamonitor\/wp-json\/wp\/v2\/users\/1"}],"replies":[{"embeddable":true,"href":"https:\/\/jms.com.bo\/mediamonitor\/wp-json\/wp\/v2\/comments?post=83557"}],"version-history":[{"count":0,"href":"https:\/\/jms.com.bo\/mediamonitor\/wp-json\/wp\/v2\/posts\/83557\/revisions"}],"wp:featuredmedia":[{"embeddable":true,"href":"https:\/\/jms.com.bo\/mediamonitor\/wp-json\/wp\/v2\/media\/83558"}],"wp:attachment":[{"href":"https:\/\/jms.com.bo\/mediamonitor\/wp-json\/wp\/v2\/media?parent=83557"}],"wp:term":[{"taxonomy":"category","embeddable":true,"href":"https:\/\/jms.com.bo\/mediamonitor\/wp-json\/wp\/v2\/categories?post=83557"},{"taxonomy":"post_tag","embeddable":true,"href":"https:\/\/jms.com.bo\/mediamonitor\/wp-json\/wp\/v2\/tags?post=83557"}],"curies":[{"name":"wp","href":"https:\/\/api.w.org\/{rel}","templated":true}]}}