{"id":83559,"date":"2026-01-15T07:54:54","date_gmt":"2026-01-15T11:54:54","guid":{"rendered":"https:\/\/mediamonitorbo.com.bo\/?p=16577"},"modified":"2026-01-15T07:54:54","modified_gmt":"2026-01-15T11:54:54","slug":"ciudades-de-bolivia-corren-riesgo-de-apagones-para-el-2029-el-gobierno-acelerara-proyectos-de-gas-y-de-fuentes-renovables","status":"publish","type":"post","link":"https:\/\/jms.com.bo\/mediamonitor\/2026\/01\/15\/ciudades-de-bolivia-corren-riesgo-de-apagones-para-el-2029-el-gobierno-acelerara-proyectos-de-gas-y-de-fuentes-renovables\/","title":{"rendered":"Ciudades de Bolivia corren riesgo de apagones para el 2029, el Gobierno acelerar\u00e1 proyectos de gas y de fuentes renovables"},"content":{"rendered":"<p style=\"text-align: justify\">Para el 2029, se cierne el riesgo de apagones de energ\u00eda el\u00e9ctrica en las ciudades de Bolivia si persiste el ritmo de consumo actual sin consolidar un cambio en la matriz energ\u00e9tica e intensificar las exploraciones de gas, inform\u00f3 el ministro de Planificaci\u00f3n de Desarrollo y Medio Ambiente, Fernando Romero.<\/p>\n<p style=\"text-align: justify\">\u201cLa matriz energ\u00e9tica fue basada en el gas, entonces, por much\u00edsimos a\u00f1os no se hicieron exploraciones. Si seguimos en este ritmo de consumo, para el 2029 no tendremos gas y tendremos apagones en nuestras ciudades\u201d, explic\u00f3 en Bolivia Tv sobre la situaci\u00f3n de la provisi\u00f3n de energ\u00eda el\u00e9ctrica.<\/p>\n<p style=\"text-align: justify\">La matriz el\u00e9ctrica nacional se compone de un 65% de generaci\u00f3n t\u00e9rmica (generada por gas) y un 35% de generaci\u00f3n renovable, seg\u00fan un informe de junio de 2025.<\/p>\n<p style=\"text-align: justify\">Romero explic\u00f3 que se realizar\u00e1n las acciones necesarias, para cambiar la matriz energ\u00e9tica de Bolivia, priorizando las energ\u00edas renovables.<br \/>\nSin embargo, tambi\u00e9n se volcar\u00e1n esfuerzos en la exploraci\u00f3n de hidrocarburos con la meta de acortar los plazos exploratorios hasta 3 a\u00f1os, de forma de asegurar reservas y seguridad energ\u00e9tica.<\/p>\n","protected":false},"excerpt":{"rendered":"<p>Para el 2029, se cierne el riesgo de apagones de energ\u00eda el\u00e9ctrica en las ciudades de Bolivia si persiste el ritmo de consumo actual sin consolidar un cambio en la matriz energ\u00e9tica e intensificar las exploraciones de gas, inform\u00f3 el ministro de Planificaci\u00f3n de Desarrollo y Medio Ambiente, Fernando Romero. \u201cLa matriz energ\u00e9tica fue basada [&hellip;]<\/p>\n","protected":false},"author":1,"featured_media":83560,"comment_status":"closed","ping_status":"open","sticky":false,"template":"","format":"standard","meta":{"footnotes":""},"categories":[39,44,48],"tags":[],"class_list":{"0":"post-83559","1":"post","2":"type-post","3":"status-publish","4":"format-standard","5":"has-post-thumbnail","7":"category-energia","8":"category-portada-energia","9":"category-portada-general-sitio"},"_links":{"self":[{"href":"https:\/\/jms.com.bo\/mediamonitor\/wp-json\/wp\/v2\/posts\/83559","targetHints":{"allow":["GET"]}}],"collection":[{"href":"https:\/\/jms.com.bo\/mediamonitor\/wp-json\/wp\/v2\/posts"}],"about":[{"href":"https:\/\/jms.com.bo\/mediamonitor\/wp-json\/wp\/v2\/types\/post"}],"author":[{"embeddable":true,"href":"https:\/\/jms.com.bo\/mediamonitor\/wp-json\/wp\/v2\/users\/1"}],"replies":[{"embeddable":true,"href":"https:\/\/jms.com.bo\/mediamonitor\/wp-json\/wp\/v2\/comments?post=83559"}],"version-history":[{"count":0,"href":"https:\/\/jms.com.bo\/mediamonitor\/wp-json\/wp\/v2\/posts\/83559\/revisions"}],"wp:featuredmedia":[{"embeddable":true,"href":"https:\/\/jms.com.bo\/mediamonitor\/wp-json\/wp\/v2\/media\/83560"}],"wp:attachment":[{"href":"https:\/\/jms.com.bo\/mediamonitor\/wp-json\/wp\/v2\/media?parent=83559"}],"wp:term":[{"taxonomy":"category","embeddable":true,"href":"https:\/\/jms.com.bo\/mediamonitor\/wp-json\/wp\/v2\/categories?post=83559"},{"taxonomy":"post_tag","embeddable":true,"href":"https:\/\/jms.com.bo\/mediamonitor\/wp-json\/wp\/v2\/tags?post=83559"}],"curies":[{"name":"wp","href":"https:\/\/api.w.org\/{rel}","templated":true}]}}