{"id":83563,"date":"2026-01-15T08:00:14","date_gmt":"2026-01-15T12:00:14","guid":{"rendered":"https:\/\/mediamonitorbo.com.bo\/?p=16583"},"modified":"2026-01-15T08:00:14","modified_gmt":"2026-01-15T12:00:14","slug":"lara-confirma-presencia-de-petrolera-dentro-de-la-reserva-de-tariquia","status":"publish","type":"post","link":"https:\/\/jms.com.bo\/mediamonitor\/2026\/01\/15\/lara-confirma-presencia-de-petrolera-dentro-de-la-reserva-de-tariquia\/","title":{"rendered":"Lara confirma presencia de petrolera dentro de la reserva de Tariqu\u00eda"},"content":{"rendered":"<p style=\"text-align: justify\">Tras su arribo a la Reserva Nacional de Flora y Fauna Tariqu\u00eda, en Tarija, el vicepresidente Edmand Lara confirm\u00f3 la presencia de actividad petrolera al interior del \u00e1rea protegida por lo que acus\u00f3 de vulnerar la Constituci\u00f3n al constatar trabajos dentro de la reserva ecol\u00f3gica sin consulta previa.<\/p>\n<p style=\"text-align: justify\">\u201cHemos podido constatar que s\u00ed se est\u00e1n realizando trabajos dentro de la reserva de Tariqu\u00eda. Hemos encontrado estacas, trabajos topogr\u00e1ficos y pozos perforados con una profundidad aproximada de 2,5 metros. No s\u00e9 cu\u00e1l es la finalidad, pero hay letreros de Petrobras\u201d, describi\u00f3 la autoridad.<\/p>\n<p style=\"text-align: justify\">Lara aclar\u00f3 que comprende que un pozo de perforaci\u00f3n petrolera suele tener mayor profundidad; sin embargo, se\u00f1al\u00f3 que la existencia de estos pozos evidencia que las actividades datan de hace tiempo.<\/p>\n<p style=\"text-align: justify\">Indic\u00f3 adem\u00e1s que, a aproximadamente una hora del lugar donde se encontraba, se encuentra proyecto de Perforaci\u00f3n Exploratoria Pozo Domo Oso X3, en el Bloque Exploratorio San Telmo Norte, donde se pretende realizar trabajos de extracci\u00f3n de gas.<\/p>\n<p style=\"text-align: justify\">\u201cHay que decirle al pa\u00eds de manera clara: est\u00e1n en Tariqu\u00eda, dentro de la reserva. Lo que van a hacer es el trazado de estacas y trabajos topogr\u00e1ficos; van a abrir un camino de 12 metros de ancho, tumbar \u00e1rboles, da\u00f1ar r\u00edos y, lo peor, en la perforaci\u00f3n, contaminar las aguas\u201d, advirti\u00f3.<\/p>\n<p style=\"text-align: justify\">El Vicepresidente pidi\u00f3 no mentirle al pa\u00eds y reiter\u00f3 que la petrolera se encuentra operando dentro de Tariqu\u00eda. En ese sentido, llam\u00f3 a la poblaci\u00f3n a mantenerse firme y anunci\u00f3 que se asumir\u00e1n acciones legales.<\/p>\n<p style=\"text-align: justify\">Adelant\u00f3 adem\u00e1s que se solicitaron informes a los ministros de Hidrocarburos y de Medio Ambiente y, asimismo, se\u00f1al\u00f3 que se activar\u00e1n interpelaciones legislativas y asegur\u00f3 que no guardar\u00e1 silencio hasta que se haga respetar la reserva ecol\u00f3gica.<\/p>\n<p style=\"text-align: justify\">Durante su visita, Lara sostuvo encuentros con pobladores de la regi\u00f3n, en particular con comunarios de Zaycan, cant\u00f3n Chiquiaca, quienes le expusieron los m\u00faltiples atropellos que aseguran haber sufrido por defender este espacio protegido por el Estado.<\/p>\n<p style=\"text-align: justify\">\u201cHemos llegado hasta el punto de vigilia y hemos tomado contacto con las personas que el cinco de enero fueron maltratadas por la Polic\u00eda, solo por exigir el respeto a una reserva ecol\u00f3gica reconocida por ley y protegida por el Estado\u201d, denunci\u00f3.<\/p>\n<p style=\"text-align: justify\">A\u00f1adi\u00f3 que estos procesos estar\u00edan siendo utilizados para amedrentar a la poblaci\u00f3n; sin embargo, destac\u00f3 que cada d\u00eda m\u00e1s personas se suman a la defensa de Tariqu\u00eda, al comprender la importancia de este territorio como h\u00e1bitat de miles de especies y fuente invaluable de agua para la regi\u00f3n.<\/p>\n<p style=\"text-align: justify\">Durante su recorrido, recibi\u00f3 documentaci\u00f3n y testimonios de los pobladores sobre compromisos asumidos por el Gobierno, y ante la ausencia de diputados y senadores, cuestion\u00f3 la falta de compromiso con la defensa del \u00e1rea protegida.<\/p>\n<p style=\"text-align: justify\">Advirti\u00f3 que, de no ser escuchadas las demandas, se acudir\u00e1 a instancias internacionales, al considerar que se estar\u00edan vulnerando tratados internacionales que el Estado est\u00e1 obligado a respetar.<\/p>\n","protected":false},"excerpt":{"rendered":"<p>Tras su arribo a la Reserva Nacional de Flora y Fauna Tariqu\u00eda, en Tarija, el vicepresidente Edmand Lara confirm\u00f3 la presencia de actividad petrolera al interior del \u00e1rea protegida por lo que acus\u00f3 de vulnerar la Constituci\u00f3n al constatar trabajos dentro de la reserva ecol\u00f3gica sin consulta previa. \u201cHemos podido constatar que s\u00ed se est\u00e1n [&hellip;]<\/p>\n","protected":false},"author":1,"featured_media":83564,"comment_status":"closed","ping_status":"open","sticky":false,"template":"","format":"standard","meta":{"footnotes":""},"categories":[40,23],"tags":[],"class_list":{"0":"post-83563","1":"post","2":"type-post","3":"status-publish","4":"format-standard","5":"has-post-thumbnail","7":"category-bolivia","8":"category-hidrocarburos"},"_links":{"self":[{"href":"https:\/\/jms.com.bo\/mediamonitor\/wp-json\/wp\/v2\/posts\/83563","targetHints":{"allow":["GET"]}}],"collection":[{"href":"https:\/\/jms.com.bo\/mediamonitor\/wp-json\/wp\/v2\/posts"}],"about":[{"href":"https:\/\/jms.com.bo\/mediamonitor\/wp-json\/wp\/v2\/types\/post"}],"author":[{"embeddable":true,"href":"https:\/\/jms.com.bo\/mediamonitor\/wp-json\/wp\/v2\/users\/1"}],"replies":[{"embeddable":true,"href":"https:\/\/jms.com.bo\/mediamonitor\/wp-json\/wp\/v2\/comments?post=83563"}],"version-history":[{"count":0,"href":"https:\/\/jms.com.bo\/mediamonitor\/wp-json\/wp\/v2\/posts\/83563\/revisions"}],"wp:featuredmedia":[{"embeddable":true,"href":"https:\/\/jms.com.bo\/mediamonitor\/wp-json\/wp\/v2\/media\/83564"}],"wp:attachment":[{"href":"https:\/\/jms.com.bo\/mediamonitor\/wp-json\/wp\/v2\/media?parent=83563"}],"wp:term":[{"taxonomy":"category","embeddable":true,"href":"https:\/\/jms.com.bo\/mediamonitor\/wp-json\/wp\/v2\/categories?post=83563"},{"taxonomy":"post_tag","embeddable":true,"href":"https:\/\/jms.com.bo\/mediamonitor\/wp-json\/wp\/v2\/tags?post=83563"}],"curies":[{"name":"wp","href":"https:\/\/api.w.org\/{rel}","templated":true}]}}