{"id":83570,"date":"2026-01-16T07:01:32","date_gmt":"2026-01-16T11:01:32","guid":{"rendered":"https:\/\/mediamonitorbo.com.bo\/?p=16595"},"modified":"2026-01-16T07:01:32","modified_gmt":"2026-01-16T11:01:32","slug":"productores-agricolas-descartan-contaminacion-en-el-rio-san-juan-del-oro","status":"publish","type":"post","link":"https:\/\/jms.com.bo\/mediamonitor\/2026\/01\/16\/productores-agricolas-descartan-contaminacion-en-el-rio-san-juan-del-oro\/","title":{"rendered":"Productores agr\u00edcolas descartan contaminaci\u00f3n en el r\u00edo San Juan del Oro"},"content":{"rendered":"<p style=\"text-align: justify\">Tras m\u00e1s de un a\u00f1o marcado por denuncias de presunta contaminaci\u00f3n minera, los productores agr\u00edcolas de la cuenca del r\u00edo San Juan del Oro afirman que un estudio t\u00e9cnico ha descartado la presencia de elementos contaminantes en el afluente y garantiza que el agua es apta para la producci\u00f3n agr\u00edcola y pecuaria. El pronunciamiento busca devolver la confianza a los consumidores y revertir el impacto econ\u00f3mico que, aseguran, dej\u00f3 la pol\u00e9mica generada durante la gesti\u00f3n pasada.<\/p>\n<p style=\"text-align: justify\">Entre 2024 y parte de 2025, el r\u00edo San Juan del Oro estuvo en el centro del debate p\u00fablico debido a denuncias que alertaban sobre posibles afectaciones derivadas de la actividad minera en sus cabeceras, ubicadas en el departamento de Potos\u00ed. Estas advertencias fueron vinculadas a riesgos para la salud humana y a una supuesta contaminaci\u00f3n de los productos agr\u00edcolas cultivados en la cuenca, que abarca zonas productivas de Potos\u00ed, Tarija y Chuquisaca.<\/p>\n<p style=\"text-align: justify\">Sin embargo, este jueves, la Asociaci\u00f3n de Productores de Hortalizas del Valle del Sur (Aprovasur) dio a conocer los resultados de un estudio que, seg\u00fan afirman, descarta estos riesgos.<\/p>\n<p style=\"text-align: justify\">El dirigente de Aprovasur, Jorge Tejerina, explic\u00f3 que en julio de 2025 se realizaron tomas de muestras de agua del r\u00edo San Juan del Oro, las cuales fueron sometidas a an\u00e1lisis de laboratorio. \u201cLos resultados confirman que el agua es apta para la producci\u00f3n agr\u00edcola\u201d, sostuvo, remarcando que la calidad del recurso h\u00eddrico se encuentra dentro de los l\u00edmites permitidos por la normativa vigente.<\/p>\n<p style=\"text-align: justify\">Tejerina precis\u00f3 que el estudio fue realizado por instancias t\u00e9cnicas de la Gobernaci\u00f3n de Tarija y contempla par\u00e1metros que permiten garantizar el uso del agua tanto para la producci\u00f3n agr\u00edcola como pecuaria.<\/p>\n<p style=\"text-align: justify\">El dirigente cuestion\u00f3 adem\u00e1s que durante la gesti\u00f3n pasada se haya generado alarma en torno al tema, se\u00f1alando directamente a la exdiputada tarije\u00f1a Esther S\u00e1nchez, a quien atribuy\u00f3 haber instalado la sospecha de contaminaci\u00f3n minera y posibles da\u00f1os a la salud de la poblaci\u00f3n, sin que \u2014seg\u00fan dijo\u2014 se contara entonces con estudios concluyentes.<\/p>\n<p style=\"text-align: justify\">De acuerdo con Aprovasur, la demora en la difusi\u00f3n de los resultados se debi\u00f3 a que estos fueron conocidos recientemente, motivo por el cual reci\u00e9n ahora decidieron pronunciarse p\u00fablicamente.<\/p>\n<p style=\"text-align: justify\">Producci\u00f3n afectada y mercados cerrados<\/p>\n<p style=\"text-align: justify\">M\u00e1s all\u00e1 del debate ambiental, los productores aseguran que las denuncias de contaminaci\u00f3n tuvieron consecuencias econ\u00f3micas directas. Tejerina lament\u00f3 que el \u201cdesprestigio\u201d generado en la anterior gesti\u00f3n haya limitado la posibilidad de comercializar productos agr\u00edcolas en mercados del interior del pa\u00eds.<\/p>\n<p style=\"text-align: justify\">Entre las regiones afectadas mencion\u00f3 a Tupiza, Yunchar\u00e1, Carreras, Villa Abecia, El Puente y Culpina, zonas que \u2014seg\u00fan el estudio\u2014 cuentan con producci\u00f3n apta para el consumo humano.<\/p>\n<p style=\"text-align: justify\">Con los nuevos resultados en mano, los productores anunciaron que retomar\u00e1n gestiones para reinsertar su producci\u00f3n en mercados estrat\u00e9gicos como Santa Cruz, El Alto y La Paz, donde tradicionalmente abastecen hortalizas y otros alimentos.<\/p>\n<p style=\"text-align: justify\">En este contexto, Aprovasur tambi\u00e9n impulsa la creaci\u00f3n de la C\u00e1mara Agropecuaria del Sur, una instancia que pretende aglutinar a los distintos rubros productivos de la regi\u00f3n sur del pa\u00eds. El objetivo, explic\u00f3 Tejerina, es fortalecer la representaci\u00f3n del sector frente a problem\u00e1ticas estructurales como el contrabando, la competencia desleal y la falta de pol\u00edticas de protecci\u00f3n al productor nacional.<\/p>\n<p style=\"text-align: justify\">Asimismo, la iniciativa apunta a contribuir a la soberan\u00eda alimentaria, garantizando alimentos sanos y producidos localmente.<\/p>\n","protected":false},"excerpt":{"rendered":"<p>Tras m\u00e1s de un a\u00f1o marcado por denuncias de presunta contaminaci\u00f3n minera, los productores agr\u00edcolas de la cuenca del r\u00edo San Juan del Oro afirman que un estudio t\u00e9cnico ha descartado la presencia de elementos contaminantes en el afluente y garantiza que el agua es apta para la producci\u00f3n agr\u00edcola y pecuaria. El pronunciamiento busca [&hellip;]<\/p>\n","protected":false},"author":1,"featured_media":83571,"comment_status":"closed","ping_status":"open","sticky":false,"template":"","format":"standard","meta":{"footnotes":""},"categories":[57],"tags":[],"class_list":{"0":"post-83570","1":"post","2":"type-post","3":"status-publish","4":"format-standard","5":"has-post-thumbnail","7":"category-alimentos-y-agroindustria"},"_links":{"self":[{"href":"https:\/\/jms.com.bo\/mediamonitor\/wp-json\/wp\/v2\/posts\/83570","targetHints":{"allow":["GET"]}}],"collection":[{"href":"https:\/\/jms.com.bo\/mediamonitor\/wp-json\/wp\/v2\/posts"}],"about":[{"href":"https:\/\/jms.com.bo\/mediamonitor\/wp-json\/wp\/v2\/types\/post"}],"author":[{"embeddable":true,"href":"https:\/\/jms.com.bo\/mediamonitor\/wp-json\/wp\/v2\/users\/1"}],"replies":[{"embeddable":true,"href":"https:\/\/jms.com.bo\/mediamonitor\/wp-json\/wp\/v2\/comments?post=83570"}],"version-history":[{"count":0,"href":"https:\/\/jms.com.bo\/mediamonitor\/wp-json\/wp\/v2\/posts\/83570\/revisions"}],"wp:featuredmedia":[{"embeddable":true,"href":"https:\/\/jms.com.bo\/mediamonitor\/wp-json\/wp\/v2\/media\/83571"}],"wp:attachment":[{"href":"https:\/\/jms.com.bo\/mediamonitor\/wp-json\/wp\/v2\/media?parent=83570"}],"wp:term":[{"taxonomy":"category","embeddable":true,"href":"https:\/\/jms.com.bo\/mediamonitor\/wp-json\/wp\/v2\/categories?post=83570"},{"taxonomy":"post_tag","embeddable":true,"href":"https:\/\/jms.com.bo\/mediamonitor\/wp-json\/wp\/v2\/tags?post=83570"}],"curies":[{"name":"wp","href":"https:\/\/api.w.org\/{rel}","templated":true}]}}