{"id":83572,"date":"2026-01-16T07:02:52","date_gmt":"2026-01-16T11:02:52","guid":{"rendered":"https:\/\/mediamonitorbo.com.bo\/?p=16598"},"modified":"2026-01-16T07:02:52","modified_gmt":"2026-01-16T11:02:52","slug":"gobierno-anuncia-la-publicacion-de-precios-referenciales-de-alimentos-para-un-efecto-similar-al-del-dolar","status":"publish","type":"post","link":"https:\/\/jms.com.bo\/mediamonitor\/2026\/01\/16\/gobierno-anuncia-la-publicacion-de-precios-referenciales-de-alimentos-para-un-efecto-similar-al-del-dolar\/","title":{"rendered":"Gobierno anuncia la publicaci\u00f3n de precios referenciales de alimentos para un \u201cefecto similar al del d\u00f3lar\u201d"},"content":{"rendered":"<p style=\"text-align: justify\">El ministro de Desarrollo Productivo Rural y Agua, \u00d3scar Mario Justiniano, sostuvo que el Gobierno publicar\u00e1 precios referenciales de alimentos para evitar la especulaci\u00f3n y lograr un efecto similar al que se gener\u00f3 con la publicaci\u00f3n del precio referencial del d\u00f3lar por parte del Banco Central de Bolivia (BCB).<\/p>\n<p style=\"text-align: justify\">Justiniano explic\u00f3 que esta medida se aplicar\u00e1 a trav\u00e9s del Observatorio Agroambiental y Productivo (OAP), que realiza un monitoreo permanente de los sectores productivos del pa\u00eds.<\/p>\n<p style=\"text-align: justify\">\u201cMediante el Observatorio Agroambiental y Productivo (OAP) tenemos el monitoreo de todos los sectores productivos del pa\u00eds. Y sabemos cu\u00e1nto se produce y sabemos tambi\u00e9n en qu\u00e9 precio est\u00e1. Eso tiene que publicarse todos los d\u00edas (precios); debe publicarse tambi\u00e9n una red de comunicaci\u00f3n que permita saber en qu\u00e9 mercado para que la gente entienda de que si se dice que la manzana est\u00e1 en Bs 10, no vaya por desconocimiento a pagar Bs 14. Porque eso tambi\u00e9n causa un efecto no solamente de especulaci\u00f3n, sino de inflaci\u00f3n\u201d, dijo Justiniano en conferencia de prensa.<\/p>\n<p style=\"text-align: justify\">La autoridad compar\u00f3 esta iniciativa con la publicaci\u00f3n del precio referencial del d\u00f3lar por parte del BCB, que rige desde diciembre de 2025.<\/p>\n<p style=\"text-align: justify\">\u201cInmediatamente la econom\u00eda lleg\u00f3 a estar casi dentro de una estabilizaci\u00f3n en el tipo de cambio. Y eso se hizo solamente siendo transparente. Porque las casas de cambio dejaron de cobrar lo que quer\u00edan. Los bancos tambi\u00e9n dejaron de cobrar lo que quer\u00edan, porque si no, no eran competitivos\u201d.<\/p>\n<p style=\"text-align: justify\">Justiniano tambi\u00e9n se refiri\u00f3 a la especulaci\u00f3n y al precio del d\u00f3lar, que durante el gobierno de Luis Arce lleg\u00f3 a superar el umbral de los 20 bolivianos, situaci\u00f3n que incentiv\u00f3 el encarecimiento de productos en el mercado interno y el contrabando.<\/p>\n<p style=\"text-align: justify\">\u201cEsos son el tipo de problemas los cuales causan y han causado que los productos suban. No es con una mayor cantidad de polic\u00edas en la calle, de gremiales, de gend\u00e1rmenes (\u2026) son miles de leg\u00edtimamente familias las cuales se dedican al comercio, ellos son tomadores de precios, ellos hacen un incremento el cual no va a estar m\u00e1s all\u00e1 de lo que la competencia les permita\u201d, subray\u00f3.<\/p>\n","protected":false},"excerpt":{"rendered":"<p>El ministro de Desarrollo Productivo Rural y Agua, \u00d3scar Mario Justiniano, sostuvo que el Gobierno publicar\u00e1 precios referenciales de alimentos para evitar la especulaci\u00f3n y lograr un efecto similar al que se gener\u00f3 con la publicaci\u00f3n del precio referencial del d\u00f3lar por parte del Banco Central de Bolivia (BCB). Justiniano explic\u00f3 que esta medida se [&hellip;]<\/p>\n","protected":false},"author":1,"featured_media":83573,"comment_status":"closed","ping_status":"open","sticky":false,"template":"","format":"standard","meta":{"footnotes":""},"categories":[57],"tags":[],"class_list":{"0":"post-83572","1":"post","2":"type-post","3":"status-publish","4":"format-standard","5":"has-post-thumbnail","7":"category-alimentos-y-agroindustria"},"_links":{"self":[{"href":"https:\/\/jms.com.bo\/mediamonitor\/wp-json\/wp\/v2\/posts\/83572","targetHints":{"allow":["GET"]}}],"collection":[{"href":"https:\/\/jms.com.bo\/mediamonitor\/wp-json\/wp\/v2\/posts"}],"about":[{"href":"https:\/\/jms.com.bo\/mediamonitor\/wp-json\/wp\/v2\/types\/post"}],"author":[{"embeddable":true,"href":"https:\/\/jms.com.bo\/mediamonitor\/wp-json\/wp\/v2\/users\/1"}],"replies":[{"embeddable":true,"href":"https:\/\/jms.com.bo\/mediamonitor\/wp-json\/wp\/v2\/comments?post=83572"}],"version-history":[{"count":0,"href":"https:\/\/jms.com.bo\/mediamonitor\/wp-json\/wp\/v2\/posts\/83572\/revisions"}],"wp:featuredmedia":[{"embeddable":true,"href":"https:\/\/jms.com.bo\/mediamonitor\/wp-json\/wp\/v2\/media\/83573"}],"wp:attachment":[{"href":"https:\/\/jms.com.bo\/mediamonitor\/wp-json\/wp\/v2\/media?parent=83572"}],"wp:term":[{"taxonomy":"category","embeddable":true,"href":"https:\/\/jms.com.bo\/mediamonitor\/wp-json\/wp\/v2\/categories?post=83572"},{"taxonomy":"post_tag","embeddable":true,"href":"https:\/\/jms.com.bo\/mediamonitor\/wp-json\/wp\/v2\/tags?post=83572"}],"curies":[{"name":"wp","href":"https:\/\/api.w.org\/{rel}","templated":true}]}}