{"id":83574,"date":"2026-01-16T07:10:03","date_gmt":"2026-01-16T11:10:03","guid":{"rendered":"https:\/\/mediamonitorbo.com.bo\/?p=16601"},"modified":"2026-01-16T07:10:03","modified_gmt":"2026-01-16T11:10:03","slug":"gobierno-acuerda-con-carnicos-garantizar-abastecimiento-y-revisar-precios","status":"publish","type":"post","link":"https:\/\/jms.com.bo\/mediamonitor\/2026\/01\/16\/gobierno-acuerda-con-carnicos-garantizar-abastecimiento-y-revisar-precios\/","title":{"rendered":"Gobierno acuerda con \u2018c\u00e1rnicos\u2019 garantizar abastecimiento y revisar precios"},"content":{"rendered":"<p style=\"text-align: justify\">El Gobierno alcanz\u00f3 un acuerdo con la Confederaci\u00f3n Nacional de Trabajadores en Carne de Bolivia (Contracabol) y la Federaci\u00f3n \u00danica de Trabajadores en Carne (Futecra) para garantizar el abastecimiento de productos c\u00e1rnicos en el mercado interno y avanzar en una revisi\u00f3n de precios, inform\u00f3 el viceministro de Comercio y Log\u00edstica Interna, Gustavo Serrano.<\/p>\n<p style=\"text-align: justify\">Luego de una reuni\u00f3n con los principales dirigentes de las cadenas de carne de res, pollo, cerdo y otros productos c\u00e1rnicos, el dirigente afirm\u00f3 que el abastecimiento interno fue definido como la m\u00e1xima prioridad del di\u00e1logo. Indic\u00f3 que el objetivo central es asegurar que estos alimentos b\u00e1sicos no falten en la mesa de las familias bolivianas.<\/p>\n<p style=\"text-align: justify\">Gobierno<br \/>\n\u201cSe garantiza el abastecimiento del producto c\u00e1rnico en todo el mercado interno\u201d, afirm\u00f3 la autoridad en conferencia de prensa.<\/p>\n<p style=\"text-align: justify\">Destac\u00f3 tambi\u00e9n que existe \u201cvoluntad conjunta\u201d de productores, comercializadores y el Gobierno para dar certidumbre a los consumidores en un contexto de preocupaci\u00f3n por precios y disponibilidad de dicho producto.<\/p>\n<p style=\"text-align: justify\">El viceministro explic\u00f3 que otro de los puntos abordados fue el rol de los intermediarios y su impacto en el precio final de la carne. Indic\u00f3 que, a partir de los pr\u00f3ximos d\u00edas, se trabajar\u00e1 de manera conjunta con todos los eslabones de la cadena productiva y comercial para identificar distorsiones y plantear soluciones.<\/p>\n<p style=\"text-align: justify\">\u201cVamos a ir trabajando con todos los actores de la cadena y vamos a informar a la poblaci\u00f3n sobre los avances\u201d, sostuvo Serrano.<\/p>\n<p style=\"text-align: justify\">Afirm\u00f3, adem\u00e1s, que se busca un precio justo que refleje los costos reales sin afectar al consumidor final.<\/p>\n<p style=\"text-align: justify\">Acuerdo<br \/>\nEl Gobierno convoc\u00f3 no solo a las alcald\u00edas, sino tambi\u00e9n a otros niveles y sectores, a coadyuvar con controles, propuestas e ideas que permitan regular el mercado y evitar la especulaci\u00f3n en los centros de abasto.<\/p>\n<p style=\"text-align: justify\">Respecto de la exportaci\u00f3n de carne, Serrano confirm\u00f3 que el tema fue tratado durante la reuni\u00f3n. Aclar\u00f3 que cualquier posibilidad de exportar excedentes estar\u00e1 condicionada de manera estricta a que primero se garantice plenamente el abastecimiento del mercado interno. \u201cEl condicionamiento para exportar es el abastecimiento interno de este producto en la canasta familiar\u201d, enfatiz\u00f3 el ministro.<\/p>\n<p style=\"text-align: justify\">El acuerdo con Contracabol, Futecra y otros sectores abre una etapa de di\u00e1logo t\u00e9cnico y productivo que, seg\u00fan el Gobierno, permitir\u00e1 estabilizar el suministro de carne y avanzar hacia una pol\u00edtica alimentaria que combine producci\u00f3n, precios razonables y seguridad alimentaria.<\/p>\n","protected":false},"excerpt":{"rendered":"<p>El Gobierno alcanz\u00f3 un acuerdo con la Confederaci\u00f3n Nacional de Trabajadores en Carne de Bolivia (Contracabol) y la Federaci\u00f3n \u00danica de Trabajadores en Carne (Futecra) para garantizar el abastecimiento de productos c\u00e1rnicos en el mercado interno y avanzar en una revisi\u00f3n de precios, inform\u00f3 el viceministro de Comercio y Log\u00edstica Interna, Gustavo Serrano. Luego de [&hellip;]<\/p>\n","protected":false},"author":1,"featured_media":83575,"comment_status":"closed","ping_status":"open","sticky":false,"template":"","format":"standard","meta":{"footnotes":""},"categories":[57],"tags":[],"class_list":{"0":"post-83574","1":"post","2":"type-post","3":"status-publish","4":"format-standard","5":"has-post-thumbnail","7":"category-alimentos-y-agroindustria"},"_links":{"self":[{"href":"https:\/\/jms.com.bo\/mediamonitor\/wp-json\/wp\/v2\/posts\/83574","targetHints":{"allow":["GET"]}}],"collection":[{"href":"https:\/\/jms.com.bo\/mediamonitor\/wp-json\/wp\/v2\/posts"}],"about":[{"href":"https:\/\/jms.com.bo\/mediamonitor\/wp-json\/wp\/v2\/types\/post"}],"author":[{"embeddable":true,"href":"https:\/\/jms.com.bo\/mediamonitor\/wp-json\/wp\/v2\/users\/1"}],"replies":[{"embeddable":true,"href":"https:\/\/jms.com.bo\/mediamonitor\/wp-json\/wp\/v2\/comments?post=83574"}],"version-history":[{"count":0,"href":"https:\/\/jms.com.bo\/mediamonitor\/wp-json\/wp\/v2\/posts\/83574\/revisions"}],"wp:featuredmedia":[{"embeddable":true,"href":"https:\/\/jms.com.bo\/mediamonitor\/wp-json\/wp\/v2\/media\/83575"}],"wp:attachment":[{"href":"https:\/\/jms.com.bo\/mediamonitor\/wp-json\/wp\/v2\/media?parent=83574"}],"wp:term":[{"taxonomy":"category","embeddable":true,"href":"https:\/\/jms.com.bo\/mediamonitor\/wp-json\/wp\/v2\/categories?post=83574"},{"taxonomy":"post_tag","embeddable":true,"href":"https:\/\/jms.com.bo\/mediamonitor\/wp-json\/wp\/v2\/tags?post=83574"}],"curies":[{"name":"wp","href":"https:\/\/api.w.org\/{rel}","templated":true}]}}