{"id":83576,"date":"2026-01-16T07:12:26","date_gmt":"2026-01-16T11:12:26","guid":{"rendered":"https:\/\/mediamonitorbo.com.bo\/?p=16604"},"modified":"2026-01-16T07:12:26","modified_gmt":"2026-01-16T11:12:26","slug":"la-paz-social-no-se-decreta-cob-alerta-criminalizacion-de-la-protesta","status":"publish","type":"post","link":"https:\/\/jms.com.bo\/mediamonitor\/2026\/01\/16\/la-paz-social-no-se-decreta-cob-alerta-criminalizacion-de-la-protesta\/","title":{"rendered":"\u2018La paz social no se decreta\u2019: COB alerta criminalizaci\u00f3n de la protesta"},"content":{"rendered":"<p style=\"text-align: justify\">La Central Obrera Boliviana (COB) reiter\u00f3 este jueves su rechazo a la iniciativa de una ley antibloqueos y asegur\u00f3 que la protesta social es un mecanismo democr\u00e1tico de petici\u00f3n y criminalizarla no resolver los conflictos y tampoco traer\u00e1 paz al pa\u00eds.<\/p>\n<p style=\"text-align: justify\">\u201cSi lo que se quiere es paz, el camino no es el castigo masivo ni la criminalizaci\u00f3n de la protesta; el camino es que el Gobierno cumpla su deber elemental abrir canales efectivos, atender las demandas leg\u00edtimas y evitar que la sociedad sea empujada a medidas extremas\u201d, dijo la entidad mediante un pronunciamiento p\u00fablico.<\/p>\n<p style=\"text-align: justify\">Adem\u00e1s, explic\u00f3 que el \u201cpueblo trabajador no nace con vocaci\u00f3n de conflicto, ning\u00fan sector sale a las calles por deporte ni por capricho\u201d, y se\u00f1al\u00f3 que la protesta \u201ces un mecanismo democr\u00e1tico de petici\u00f3n\u201d.<\/p>\n<p style=\"text-align: justify\">El documento remarc\u00f3 que los sectores primero agotan v\u00edas \u201cl\u00edcitas, p\u00fablicas y reivindicatorias\u201d como notas, audiencias, vigilias, concentraciones y cabildos.<\/p>\n<p style=\"text-align: justify\">\u201cCuando esas primeras expresiones pac\u00edficas no reciben respuesta, cuando el Gobierno evade, dilata, descalifica o guarda silencio, la tensi\u00f3n social se acumula y entonces aparecen medidas m\u00e1s duras, no porque la gente \u2018quiera da\u00f1ar\u2019, sino porque el Estado ha cerrado los canales efectivos de atenci\u00f3n y di\u00e1logo\u201d, dice la nota.<\/p>\n<p style=\"text-align: justify\">En ese contexto, la COB indic\u00f3 que el bloqueo de camino no puede leerse de manera simplista como un \u201cdelito\u201d, pues la medida extrema, la \u00faltima carta cuando no son escuchado.<\/p>\n<p style=\"text-align: justify\">Atenci\u00f3n<br \/>\nAsimismo, remarc\u00f3 que para evitar que un conflicto se radicalice y llegue hasta medidas extremas, el \u201cGobierno debe atender las demandas, habilitando espacios de negociaci\u00f3n real y actuando de buena fe\u201d.<\/p>\n<p style=\"text-align: justify\">\u201cEl Estado no puede pretender que la ciudadan\u00eda renuncie a su presi\u00f3n social, mientras \u00e9l renuncia a su obligaci\u00f3n de escuchar, responder y construir soluciones\u201d.<\/p>\n<p style=\"text-align: justify\">La COB afirm\u00f3 que no es aceptable que se intente imponer una narrativa donde toda medida de presi\u00f3n se reduce a criminalidad. Record\u00f3 que la historia social y sindical demuestra que muchos avances se han alcanzado porque existieron mecanismos de organizaci\u00f3n colectiva sindicatos, cabildos, asambleas, reuniones comunitarias y decisiones reivindicatorias adoptadas de forma abierta.<\/p>\n<p style=\"text-align: justify\">\u201cLa salida sostenible no es convertir el conflicto social en un problema penal. La salida sostenible es un Estado que previene, que dialoga antes de imponer, que responde antes de reprimir, que negocia antes de escalar, y que reconoce que la paz social no se decreta, se construye con justicia, atenci\u00f3n oportuna y respeto\u201d, puntualiza la nota.<\/p>\n<p style=\"text-align: justify\">Miedo<br \/>\nLa entidad obrera remarca que su posici\u00f3n est\u00e1 clara: el Gobierno debe garantizar abastecimiento, salud y tr\u00e1nsito s\u00ed y los derechos colectivos y el derecho del pueblo a ser escuchado.<\/p>\n<p style=\"text-align: justify\">Asimismo, destaca que est\u00e1 en manos de los asamble\u00edstas decidir si Bolivia \u201cvive con di\u00e1logo o con miedo\u201d.<\/p>\n<p style=\"text-align: justify\">Luego de los bloqueos de carreteras de la COB en demanda de la abrogaci\u00f3n del Decreto 5503, varios asamble\u00edstas plantearon la urgencia de una ley antibloqueos.<\/p>\n<p style=\"text-align: justify\">Este jueves, el pleno de la C\u00e1mara de Senadores aprob\u00f3, con m\u00e1s de dos tercios de respaldo, que el proyecto de ley para sancionar el bloqueo de caminos se remita a una comisi\u00f3n integrada, con el objetivo de profundizar su an\u00e1lisis y agilizar su tratamiento legislativo.<\/p>\n","protected":false},"excerpt":{"rendered":"<p>La Central Obrera Boliviana (COB) reiter\u00f3 este jueves su rechazo a la iniciativa de una ley antibloqueos y asegur\u00f3 que la protesta social es un mecanismo democr\u00e1tico de petici\u00f3n y criminalizarla no resolver los conflictos y tampoco traer\u00e1 paz al pa\u00eds. \u201cSi lo que se quiere es paz, el camino no es el castigo masivo [&hellip;]<\/p>\n","protected":false},"author":1,"featured_media":83577,"comment_status":"closed","ping_status":"open","sticky":false,"template":"","format":"standard","meta":{"footnotes":""},"categories":[49],"tags":[],"class_list":{"0":"post-83576","1":"post","2":"type-post","3":"status-publish","4":"format-standard","5":"has-post-thumbnail","7":"category-social"},"_links":{"self":[{"href":"https:\/\/jms.com.bo\/mediamonitor\/wp-json\/wp\/v2\/posts\/83576","targetHints":{"allow":["GET"]}}],"collection":[{"href":"https:\/\/jms.com.bo\/mediamonitor\/wp-json\/wp\/v2\/posts"}],"about":[{"href":"https:\/\/jms.com.bo\/mediamonitor\/wp-json\/wp\/v2\/types\/post"}],"author":[{"embeddable":true,"href":"https:\/\/jms.com.bo\/mediamonitor\/wp-json\/wp\/v2\/users\/1"}],"replies":[{"embeddable":true,"href":"https:\/\/jms.com.bo\/mediamonitor\/wp-json\/wp\/v2\/comments?post=83576"}],"version-history":[{"count":0,"href":"https:\/\/jms.com.bo\/mediamonitor\/wp-json\/wp\/v2\/posts\/83576\/revisions"}],"wp:featuredmedia":[{"embeddable":true,"href":"https:\/\/jms.com.bo\/mediamonitor\/wp-json\/wp\/v2\/media\/83577"}],"wp:attachment":[{"href":"https:\/\/jms.com.bo\/mediamonitor\/wp-json\/wp\/v2\/media?parent=83576"}],"wp:term":[{"taxonomy":"category","embeddable":true,"href":"https:\/\/jms.com.bo\/mediamonitor\/wp-json\/wp\/v2\/categories?post=83576"},{"taxonomy":"post_tag","embeddable":true,"href":"https:\/\/jms.com.bo\/mediamonitor\/wp-json\/wp\/v2\/tags?post=83576"}],"curies":[{"name":"wp","href":"https:\/\/api.w.org\/{rel}","templated":true}]}}