{"id":83578,"date":"2026-01-16T07:14:04","date_gmt":"2026-01-16T11:14:04","guid":{"rendered":"https:\/\/mediamonitorbo.com.bo\/?p=16607"},"modified":"2026-01-16T07:14:04","modified_gmt":"2026-01-16T11:14:04","slug":"industria-farmaceutica-en-alerta","status":"publish","type":"post","link":"https:\/\/jms.com.bo\/mediamonitor\/2026\/01\/16\/industria-farmaceutica-en-alerta\/","title":{"rendered":"Industria farmac\u00e9utica en alerta"},"content":{"rendered":"<p style=\"text-align: justify\">La C\u00e1mara de la Industria Farmac\u00e9utica Boliviana (Cifabol) se ha declarado en alerta, porque considera que su sector estar\u00eda en riesgo si se declara \u201carancel cero\u201d para los medicamentos importados.<\/p>\n<p style=\"text-align: justify\">Mediante un comunicado, inst\u00f3 a que las pol\u00edticas p\u00fablicas consideren \u201cno solo el acceso inmediato a f\u00e1rmacos, sino tambi\u00e9n el rol del Estado en propiciar el desarrollo industrial nacional\u201d.<\/p>\n<p style=\"text-align: justify\">Pidi\u00f3 que no se ponga en riesgo la existencia de una industria nacional que genera actualmente m\u00e1s de 7.000 empleos directos y 11.000 empleos indirectos, vinculados a la cadena farmac\u00e9utica y productiva del pa\u00eds.<\/p>\n<p style=\"text-align: justify\">Seg\u00fan la Cifabol, el sector atraviesa ya una compleja coyuntura econ\u00f3mica y \u201cuna apertura irrestricta del mercado a medicamentos importados profundizar\u00e1 la competencia desequilibrada que existe y ahondar\u00e1 la crisis productiva\u201d, adem\u00e1s de poner en riesgo los empleos.<\/p>\n<p style=\"text-align: justify\">Expres\u00f3 su apertura a dialogar con el Gobierno. \u201c\u2026 reiteramos que hemos remitido diversas comunicaciones solicitando reuniones al Gobierno Nacional para ser incluidos en Pol\u00edticas P\u00fablicas\u201d, agrega su comunicado.<\/p>\n<p style=\"text-align: justify\">La ministra de Salud, Marcela Flores, llam\u00f3 a la calma y afirm\u00f3 que no existe una decisi\u00f3n definitiva sobre el arancel cero para medicamentos. Aclar\u00f3 que la propuesta surgi\u00f3 en mesas de di\u00e1logo y que solo se ha planteado para ciertos principios activos de medicamentos.<\/p>\n","protected":false},"excerpt":{"rendered":"<p>La C\u00e1mara de la Industria Farmac\u00e9utica Boliviana (Cifabol) se ha declarado en alerta, porque considera que su sector estar\u00eda en riesgo si se declara \u201carancel cero\u201d para los medicamentos importados. Mediante un comunicado, inst\u00f3 a que las pol\u00edticas p\u00fablicas consideren \u201cno solo el acceso inmediato a f\u00e1rmacos, sino tambi\u00e9n el rol del Estado en propiciar [&hellip;]<\/p>\n","protected":false},"author":1,"featured_media":83579,"comment_status":"closed","ping_status":"open","sticky":false,"template":"","format":"standard","meta":{"footnotes":""},"categories":[49],"tags":[],"class_list":{"0":"post-83578","1":"post","2":"type-post","3":"status-publish","4":"format-standard","5":"has-post-thumbnail","7":"category-social"},"_links":{"self":[{"href":"https:\/\/jms.com.bo\/mediamonitor\/wp-json\/wp\/v2\/posts\/83578","targetHints":{"allow":["GET"]}}],"collection":[{"href":"https:\/\/jms.com.bo\/mediamonitor\/wp-json\/wp\/v2\/posts"}],"about":[{"href":"https:\/\/jms.com.bo\/mediamonitor\/wp-json\/wp\/v2\/types\/post"}],"author":[{"embeddable":true,"href":"https:\/\/jms.com.bo\/mediamonitor\/wp-json\/wp\/v2\/users\/1"}],"replies":[{"embeddable":true,"href":"https:\/\/jms.com.bo\/mediamonitor\/wp-json\/wp\/v2\/comments?post=83578"}],"version-history":[{"count":0,"href":"https:\/\/jms.com.bo\/mediamonitor\/wp-json\/wp\/v2\/posts\/83578\/revisions"}],"wp:featuredmedia":[{"embeddable":true,"href":"https:\/\/jms.com.bo\/mediamonitor\/wp-json\/wp\/v2\/media\/83579"}],"wp:attachment":[{"href":"https:\/\/jms.com.bo\/mediamonitor\/wp-json\/wp\/v2\/media?parent=83578"}],"wp:term":[{"taxonomy":"category","embeddable":true,"href":"https:\/\/jms.com.bo\/mediamonitor\/wp-json\/wp\/v2\/categories?post=83578"},{"taxonomy":"post_tag","embeddable":true,"href":"https:\/\/jms.com.bo\/mediamonitor\/wp-json\/wp\/v2\/tags?post=83578"}],"curies":[{"name":"wp","href":"https:\/\/api.w.org\/{rel}","templated":true}]}}