{"id":83580,"date":"2026-01-16T07:16:19","date_gmt":"2026-01-16T11:16:19","guid":{"rendered":"https:\/\/mediamonitorbo.com.bo\/?p=16610"},"modified":"2026-01-16T07:16:19","modified_gmt":"2026-01-16T11:16:19","slug":"el-drama-por-los-salarios-las-deudas-el-estomago-y-los-servicios-no-esperan","status":"publish","type":"post","link":"https:\/\/jms.com.bo\/mediamonitor\/2026\/01\/16\/el-drama-por-los-salarios-las-deudas-el-estomago-y-los-servicios-no-esperan\/","title":{"rendered":"El drama por los salarios: \u201cLas deudas, el est\u00f3mago y los servicios no esperan\u201d"},"content":{"rendered":"<p style=\"text-align: justify\">\u201c\u00a1Sueldos ya!\u201d es el clamor en los hospitales y centros de salud, donde la desesperaci\u00f3n llev\u00f3 a m\u00e9dicos, enfermeras y funcionarios a colocar letreros en puertas y pasillos. Llevan dos meses sin sueldo y muchos ya no tienen c\u00f3mo garantizar el sustento para sus familias. Aseguran que han tenido que prestarse, incluso, para cubrir el pasaje y llegar a sus fuentes de trabajo.<\/p>\n<p style=\"text-align: justify\">La crisis por la falta de pago de salarios golpea al personal de salud. Detr\u00e1s de las protestas, hay desesperaci\u00f3n y hasta bronca.<\/p>\n<p style=\"text-align: justify\">Basilia Serrudo Mart\u00ednez, licenciada en Enfermer\u00eda, con m\u00e1s de 20 a\u00f1os de servicio, trabaja en el centro de salud Elvira W\u00fcnderlich. Al igual que muchos de sus colegas, arrastra dos meses sin salario. \u201cPagaron septiembre y octubre, pero noviembre y diciembre no nos han cancelado hasta ahora. Ya estamos en enero y no hay ninguna respuesta. Esta situaci\u00f3n es insostenible. Tenemos deudas y ya no sabemos qu\u00e9 hacer. Es desesperante\u201d, dice.<\/p>\n<p style=\"text-align: justify\">La falta de ingresos la llev\u00f3 al l\u00edmite. \u201cYa me cortaron la luz y el agua. Tuve que pedir prestado a una vecina para pagar los servicios b\u00e1sicos. Lo poco que ten\u00eda en la heladera para comer se ech\u00f3 a perder\u201d, lamenta.<\/p>\n<p style=\"text-align: justify\">Serrudo es madre de dos ni\u00f1os, de 11 y 14 a\u00f1os, que dependen exclusivamente de ella. \u201cSoy madre y padre para mis hijos. Ellos estudian y tengo mensualidades pendientes. Adem\u00e1s, se vienen las inscripciones escolares y la compra de \u00fatiles, gastos que no esperan\u201d, se\u00f1ala.<\/p>\n<p style=\"text-align: justify\">Le quita el sue\u00f1o pensar en los cr\u00e9ditos bancarios, especialmente el de vivienda, que no ha podido pagar. Teme dejar sin un techo a su familia. \u201cEn m\u00e1s de 20 a\u00f1os de trabajo nunca viv\u00ed algo as\u00ed. Uno conf\u00eda, saca pr\u00e9stamos y cuando no te pagan, la desesperaci\u00f3n es grande\u201d, insiste.<\/p>\n<p style=\"text-align: justify\">Una m\u00e9dica de 28 a\u00f1os, madre de un ni\u00f1o de cinco a\u00f1os, que tiene a su cargo tambi\u00e9n a su madre y a sus dos hermanos menores, cont\u00f3 entre l\u00e1grimas lo que significa trabajar sin recibir salario.<\/p>\n<p style=\"text-align: justify\">Tuvo que prestarse para pagar el alquiler, pero sigue debiendo un mes. Trabaja en un hospital de segundo nivel y actualmente sobrevive con lo que gana dando consultas en un centro privado. \u201cMe pagan unos Bs 3.000, pero solo el alquiler cuesta Bs 2.500. No alcanza para nada\u201d, se queja.<\/p>\n<p style=\"text-align: justify\">Un auxiliar de enfermer\u00eda, que pidi\u00f3 mantener en reserva su identidad, atiende a un paciente en silla de ruedas que lleg\u00f3 al \u00e1rea de Emergencias. En la prisa por continuar con otros pacientes que esperan, alcanza a contar su situaci\u00f3n.<\/p>\n<p style=\"text-align: justify\">\u201cSoy personal de contrato que seguimos impagos. Hoy tuve que prestarme para el pasaje\u201d, dice.<\/p>\n<p style=\"text-align: justify\">Pide tomar im\u00e1genes de los letreros escritos a mano que pegaron en la entrada del centro de salud, que muestran el malestar de muchos profesionales que no se animan a hablar por temor a perder sus fuentes laborales.<\/p>\n<p style=\"text-align: justify\">\u201cDos meses sin sueldo\u201d, \u201csalud trabaja, pero sin salario\u201d, \u201clas deudas, el est\u00f3mago y los servicios no esperan\u201d, se lee en los avisos.<\/p>\n<p style=\"text-align: justify\">Otra profesional advirti\u00f3 que a esta crisis se suma la falta de acceso a atenci\u00f3n en la Caja Nacional de Salud \u201cNo podemos enfermarnos, no podemos pedir baja m\u00e9dica. Estamos sin atenci\u00f3n desde hace dos o tres meses\u201d, denuncia.<\/p>\n<p style=\"text-align: justify\">Indica que, en los casos graves, incluso los tratamientos de quimioterapias han sido suspendidos. \u201cEs una situaci\u00f3n cr\u00edtica\u201d, dice.<\/p>\n<p style=\"text-align: justify\">Los profesionales lamentan que las autoridades no reconozcan el esfuerzo del personal de salud, que a diario se expone a enfermedades. \u201cDurante la pandemia me contagi\u00e9 de Covid y puse en riesgo mi vida y la de mis hijos. Trabajamos expuestos a todo tipo de enfermedades y a\u00fan as\u00ed seguimos dando todo de nosotros\u201d, cuenta Serrudo.<\/p>\n<p style=\"text-align: justify\">Asegura que el malestar es generalizado. \u201cHay mucha decepci\u00f3n. Somos personal con \u00edtems municipal, no somos pol\u00edticos ni tenemos padrinos. Concursamos, damos examen y confiamos en que el sueldo llegar\u00e1. Por eso sacamos cr\u00e9ditos y hoy estamos atrapados en deudas\u201d, insiste.<\/p>\n<p style=\"text-align: justify\">Los pacientes<\/p>\n<p style=\"text-align: justify\">En medio del conflicto por el pago de salarios, tambi\u00e9n est\u00e1 el drama de los pacientes, que se ven perjudicados por la suspensi\u00f3n de los servicios.<\/p>\n<p style=\"text-align: justify\">El secretario departamental de Salud y Desarrollo Humano, Edil Toledo, pidi\u00f3 levantar las medidas de presi\u00f3n, al advertir que, por cada d\u00eda de paro, se afectan 1.500 pacientes solo en los seis hospitales de tercer nivel.<\/p>\n<p style=\"text-align: justify\">Esto significa que, en cuatro d\u00edas de paro que cumplen este viernes los trabajadores, son 6.000 pacientes perjudicados.<\/p>\n<p style=\"text-align: justify\">Toledo se\u00f1al\u00f3 que la Gobernaci\u00f3n adeuda \u00fanicamente el salario de diciembre al personal del tercer nivel, lo que responde a un problema de alcance nacional, debido a que se est\u00e1 a la espera de los recursos del IDH.<\/p>\n<p style=\"text-align: justify\">Sin embargo, lamenta que el sector que exige el pago de salarios al municipio, termine afectado la atenci\u00f3n en los tres niveles de atenci\u00f3n.<\/p>\n<p style=\"text-align: justify\">La Alcald\u00eda insiste en que ya comenz\u00f3 a hacer efectivo el pago al personal de salud.<\/p>\n","protected":false},"excerpt":{"rendered":"<p>\u201c\u00a1Sueldos ya!\u201d es el clamor en los hospitales y centros de salud, donde la desesperaci\u00f3n llev\u00f3 a m\u00e9dicos, enfermeras y funcionarios a colocar letreros en puertas y pasillos. Llevan dos meses sin sueldo y muchos ya no tienen c\u00f3mo garantizar el sustento para sus familias. Aseguran que han tenido que prestarse, incluso, para cubrir el [&hellip;]<\/p>\n","protected":false},"author":1,"featured_media":83581,"comment_status":"closed","ping_status":"open","sticky":false,"template":"","format":"standard","meta":{"footnotes":""},"categories":[49],"tags":[],"class_list":{"0":"post-83580","1":"post","2":"type-post","3":"status-publish","4":"format-standard","5":"has-post-thumbnail","7":"category-social"},"_links":{"self":[{"href":"https:\/\/jms.com.bo\/mediamonitor\/wp-json\/wp\/v2\/posts\/83580","targetHints":{"allow":["GET"]}}],"collection":[{"href":"https:\/\/jms.com.bo\/mediamonitor\/wp-json\/wp\/v2\/posts"}],"about":[{"href":"https:\/\/jms.com.bo\/mediamonitor\/wp-json\/wp\/v2\/types\/post"}],"author":[{"embeddable":true,"href":"https:\/\/jms.com.bo\/mediamonitor\/wp-json\/wp\/v2\/users\/1"}],"replies":[{"embeddable":true,"href":"https:\/\/jms.com.bo\/mediamonitor\/wp-json\/wp\/v2\/comments?post=83580"}],"version-history":[{"count":0,"href":"https:\/\/jms.com.bo\/mediamonitor\/wp-json\/wp\/v2\/posts\/83580\/revisions"}],"wp:featuredmedia":[{"embeddable":true,"href":"https:\/\/jms.com.bo\/mediamonitor\/wp-json\/wp\/v2\/media\/83581"}],"wp:attachment":[{"href":"https:\/\/jms.com.bo\/mediamonitor\/wp-json\/wp\/v2\/media?parent=83580"}],"wp:term":[{"taxonomy":"category","embeddable":true,"href":"https:\/\/jms.com.bo\/mediamonitor\/wp-json\/wp\/v2\/categories?post=83580"},{"taxonomy":"post_tag","embeddable":true,"href":"https:\/\/jms.com.bo\/mediamonitor\/wp-json\/wp\/v2\/tags?post=83580"}],"curies":[{"name":"wp","href":"https:\/\/api.w.org\/{rel}","templated":true}]}}