{"id":83582,"date":"2026-01-16T07:17:34","date_gmt":"2026-01-16T11:17:34","guid":{"rendered":"https:\/\/mediamonitorbo.com.bo\/?p=16613"},"modified":"2026-01-16T07:17:34","modified_gmt":"2026-01-16T11:17:34","slug":"quien-utilice-dinamita-en-protestas-se-ira-a-la-carcel","status":"publish","type":"post","link":"https:\/\/jms.com.bo\/mediamonitor\/2026\/01\/16\/quien-utilice-dinamita-en-protestas-se-ira-a-la-carcel\/","title":{"rendered":"Quien utilice dinamita en protestas se ir\u00e1 a la c\u00e1rcel"},"content":{"rendered":"<p style=\"text-align: justify\">El presidente Rodrigo Paz sostuvo ayer que todos tienen derecho a protestar; sin embargo, advirti\u00f3 que en futuras movilizaciones el que use cachorro de dinamita y ponga en riesgo la vida de un boliviano se va a ir a la c\u00e1rcel.<\/p>\n<p style=\"text-align: justify\">Luego de los actos conmemorativos en homenaje a las v\u00edctimas de la masacre de la calle Harrington, el jefe de Estado se refiri\u00f3 a la problem\u00e1tica de los bloqueos en el pa\u00eds y su efecto negativo en la econom\u00eda y la seguridad de la poblaci\u00f3n.<\/p>\n<p style=\"text-align: justify\">La diputada oficialista Claudia Bilbao se\u00f1al\u00f3 que la norma debe estar enfocada en evitar perjuicios a los bolivianos y respetar los derechos de la poblaci\u00f3n.<\/p>\n","protected":false},"excerpt":{"rendered":"<p>El presidente Rodrigo Paz sostuvo ayer que todos tienen derecho a protestar; sin embargo, advirti\u00f3 que en futuras movilizaciones el que use cachorro de dinamita y ponga en riesgo la vida de un boliviano se va a ir a la c\u00e1rcel. Luego de los actos conmemorativos en homenaje a las v\u00edctimas de la masacre de [&hellip;]<\/p>\n","protected":false},"author":1,"featured_media":83583,"comment_status":"closed","ping_status":"open","sticky":false,"template":"","format":"standard","meta":{"footnotes":""},"categories":[20],"tags":[],"class_list":{"0":"post-83582","1":"post","2":"type-post","3":"status-publish","4":"format-standard","5":"has-post-thumbnail","7":"category-actualidad"},"_links":{"self":[{"href":"https:\/\/jms.com.bo\/mediamonitor\/wp-json\/wp\/v2\/posts\/83582","targetHints":{"allow":["GET"]}}],"collection":[{"href":"https:\/\/jms.com.bo\/mediamonitor\/wp-json\/wp\/v2\/posts"}],"about":[{"href":"https:\/\/jms.com.bo\/mediamonitor\/wp-json\/wp\/v2\/types\/post"}],"author":[{"embeddable":true,"href":"https:\/\/jms.com.bo\/mediamonitor\/wp-json\/wp\/v2\/users\/1"}],"replies":[{"embeddable":true,"href":"https:\/\/jms.com.bo\/mediamonitor\/wp-json\/wp\/v2\/comments?post=83582"}],"version-history":[{"count":0,"href":"https:\/\/jms.com.bo\/mediamonitor\/wp-json\/wp\/v2\/posts\/83582\/revisions"}],"wp:featuredmedia":[{"embeddable":true,"href":"https:\/\/jms.com.bo\/mediamonitor\/wp-json\/wp\/v2\/media\/83583"}],"wp:attachment":[{"href":"https:\/\/jms.com.bo\/mediamonitor\/wp-json\/wp\/v2\/media?parent=83582"}],"wp:term":[{"taxonomy":"category","embeddable":true,"href":"https:\/\/jms.com.bo\/mediamonitor\/wp-json\/wp\/v2\/categories?post=83582"},{"taxonomy":"post_tag","embeddable":true,"href":"https:\/\/jms.com.bo\/mediamonitor\/wp-json\/wp\/v2\/tags?post=83582"}],"curies":[{"name":"wp","href":"https:\/\/api.w.org\/{rel}","templated":true}]}}