{"id":83584,"date":"2026-01-16T07:19:03","date_gmt":"2026-01-16T11:19:03","guid":{"rendered":"https:\/\/mediamonitorbo.com.bo\/?p=16616"},"modified":"2026-01-16T07:19:03","modified_gmt":"2026-01-16T11:19:03","slug":"el-gobierno-suma-dias-feriados-este-2026-y-traslada-el-del-22-de-enero-al-23","status":"publish","type":"post","link":"https:\/\/jms.com.bo\/mediamonitor\/2026\/01\/16\/el-gobierno-suma-dias-feriados-este-2026-y-traslada-el-del-22-de-enero-al-23\/","title":{"rendered":"El gobierno suma d\u00edas feriados este 2026 y traslada el del 22 de enero al 23"},"content":{"rendered":"<p style=\"text-align: justify\">El gobierno de Rodrigo Paz Pereira promulg\u00f3 el Decreto Supremo 5521, del 13 de enero, mediante el cual se aprueba el calendario de feriados para esta gesti\u00f3n y entre las novedades est\u00e1 la adici\u00f3n de d\u00edas con suspensi\u00f3n de actividades y el traslado de otros de jueves a viernes.<\/p>\n<p style=\"text-align: justify\">Seg\u00fan la norma el feriado del jueves 22 de enero, por la creaci\u00f3n del Estado Plurinacional, pasa del jueves 22 de enero al viernes 23. Tambi\u00e9n se trasladar\u00e1 el Feriado por el A\u00f1o Nuevo Andino Amaz\u00f3nico del domingo 21 de junio al lunes 22.<\/p>\n<p style=\"text-align: justify\">Seg\u00fan esta norma se crear\u00e1n varios feriados largos. Uno de ellos ser\u00e1 el de Corpus Christi, que se conmemora el jueves 4 de junio y se extender\u00e1 hasta el viernes 5 de junio. Lo mismo suceder\u00e1 con el feriado del 6 de agosto por el aniversario de Bolivia, que es el jueves 6 de agosto y se prolongar\u00e1 hasta el viernes.<\/p>\n<p style=\"text-align: justify\">Tambi\u00e9n est\u00e1n confirmados otros feriados como los de Carnaval el lunes 17 y martes 18 de febrero, Viernes Santos el 3 de abril, Todos Santos el lunes 2 de noviembre y Navidad el viernes 25 de diciembre.<\/p>\n<p style=\"text-align: justify\">Adem\u00e1s se declara el 27 de septiembre como el D\u00eda de la Integraci\u00f3n Boliviana, sin suspensi\u00f3n de actividades laborales.<\/p>\n<p style=\"text-align: justify\">En el decreto, el gobierno justifica su decisi\u00f3n de d\u00edas adicionales de feriados y el traslado de otros con el fin de impulsar una \u201ccultura tur\u00edstica, solidaria y participativa, que genere empleo estable y permita la redistribuci\u00f3n equitativa del excedente econ\u00f3mico fruto del turismo interno\u201d.<\/p>\n<p style=\"text-align: justify\">A principios de gesti\u00f3n, el gobierno ya determin\u00f3 sumar un d\u00eda feriado al A\u00f1o Nuevo, de esta manera los d\u00edas con suspensi\u00f3n de actividades fueron el jueves 1 y el viernes 2 de enero.<\/p>\n<p style=\"text-align: justify\">Durante los \u00faltimos a\u00f1os, se esperaba los d\u00edas previos a cada fecha para confirmar los feriados o su traslado. Esta situaci\u00f3n generaba cr\u00edticas desde sectores productivos y tur\u00edsticos, ya que ten\u00edan poco margen de tiempo para lanzar promociones o impulsar la visita a diversas regiones en los denominados fines de semanas largos.<\/p>\n","protected":false},"excerpt":{"rendered":"<p>El gobierno de Rodrigo Paz Pereira promulg\u00f3 el Decreto Supremo 5521, del 13 de enero, mediante el cual se aprueba el calendario de feriados para esta gesti\u00f3n y entre las novedades est\u00e1 la adici\u00f3n de d\u00edas con suspensi\u00f3n de actividades y el traslado de otros de jueves a viernes. Seg\u00fan la norma el feriado del [&hellip;]<\/p>\n","protected":false},"author":1,"featured_media":83585,"comment_status":"closed","ping_status":"open","sticky":false,"template":"","format":"standard","meta":{"footnotes":""},"categories":[20],"tags":[],"class_list":{"0":"post-83584","1":"post","2":"type-post","3":"status-publish","4":"format-standard","5":"has-post-thumbnail","7":"category-actualidad"},"_links":{"self":[{"href":"https:\/\/jms.com.bo\/mediamonitor\/wp-json\/wp\/v2\/posts\/83584","targetHints":{"allow":["GET"]}}],"collection":[{"href":"https:\/\/jms.com.bo\/mediamonitor\/wp-json\/wp\/v2\/posts"}],"about":[{"href":"https:\/\/jms.com.bo\/mediamonitor\/wp-json\/wp\/v2\/types\/post"}],"author":[{"embeddable":true,"href":"https:\/\/jms.com.bo\/mediamonitor\/wp-json\/wp\/v2\/users\/1"}],"replies":[{"embeddable":true,"href":"https:\/\/jms.com.bo\/mediamonitor\/wp-json\/wp\/v2\/comments?post=83584"}],"version-history":[{"count":0,"href":"https:\/\/jms.com.bo\/mediamonitor\/wp-json\/wp\/v2\/posts\/83584\/revisions"}],"wp:featuredmedia":[{"embeddable":true,"href":"https:\/\/jms.com.bo\/mediamonitor\/wp-json\/wp\/v2\/media\/83585"}],"wp:attachment":[{"href":"https:\/\/jms.com.bo\/mediamonitor\/wp-json\/wp\/v2\/media?parent=83584"}],"wp:term":[{"taxonomy":"category","embeddable":true,"href":"https:\/\/jms.com.bo\/mediamonitor\/wp-json\/wp\/v2\/categories?post=83584"},{"taxonomy":"post_tag","embeddable":true,"href":"https:\/\/jms.com.bo\/mediamonitor\/wp-json\/wp\/v2\/tags?post=83584"}],"curies":[{"name":"wp","href":"https:\/\/api.w.org\/{rel}","templated":true}]}}