{"id":83586,"date":"2026-01-16T07:20:55","date_gmt":"2026-01-16T11:20:55","guid":{"rendered":"https:\/\/mediamonitorbo.com.bo\/?p=16620"},"modified":"2026-01-16T07:20:55","modified_gmt":"2026-01-16T11:20:55","slug":"el-sedes-reporta-el-primer-caso-de-viruela-del-mono-en-santa-cruz-en-el-inicio-de-ano","status":"publish","type":"post","link":"https:\/\/jms.com.bo\/mediamonitor\/2026\/01\/16\/el-sedes-reporta-el-primer-caso-de-viruela-del-mono-en-santa-cruz-en-el-inicio-de-ano\/","title":{"rendered":"El Sedes reporta el primer caso de viruela del mono en Santa Cruz en el inicio de a\u00f1o"},"content":{"rendered":"<p style=\"text-align: justify\">Carlos Hurtado, director de Epidemiolog\u00eda del Servicio Departamental del Salud (Sedes) report\u00f3 el primer caso confirmado de viruela del mono en Santa Cruz en este inicio de gesti\u00f3n.<\/p>\n<p style=\"text-align: justify\">Se trata de un paciente var\u00f3n joven-adulto que ya fue ingresado a un centro de salud p\u00fablico. Como prevenci\u00f3n, Hurtado inform\u00f3 que se est\u00e1n habilitando salas especiales en los establecimientos de salud para aislamientos.<\/p>\n<p style=\"text-align: justify\">\u00abDesde la Gobernaci\u00f3n venimos trabajando d\u00eda a d\u00eda en el control y eliminaci\u00f3n de estas enfermedades (infecto-contagiosas); hacemos la captaci\u00f3n a diario y tomamos las medidas preventivas e inmediatas\u00bb, acot\u00f3 la autoridad de salud.<\/p>\n<p style=\"text-align: justify\">En octubre del 2025, tambi\u00e9n se inform\u00f3 sobre ocho casos confirmados de viruela del mono en Santa Cruz, por ese motivo se intensific\u00f3 la vigilancia epidemiol\u00f3gica y las medidas preventivas para evitar la propagaci\u00f3n del virus.<\/p>\n<p style=\"text-align: justify\">Hurtado comunic\u00f3 en esa oportunidad que seis de los pacientes presentaban enfermedades de base y que dos de ellos debieron ser internados por complicaciones.<\/p>\n<p style=\"text-align: justify\">Tambi\u00e9n se encuentran investigando a pacientes con influenza A H3N2 con su variante K. Hasta el momento hay 11 casos positivos confirmados de A H3N2, y uno de A H3N2, variante K.<\/p>\n<p style=\"text-align: justify\">\u00bfQue es la viruela del mono?<\/p>\n<p style=\"text-align: justify\">La viruela del mono, ahora llamada Mpox, es una infecci\u00f3n viral zoon\u00f3tica causada por el virus de la viruela s\u00edmica, que provoca fiebre, fatiga, dolores musculares y una erupci\u00f3n cut\u00e1nea caracter\u00edstica (ampollas que se convierten en costras).<\/p>\n<p style=\"text-align: justify\">Se transmite principalmente por contacto cercano piel con piel o con fluidos de una persona o animal infectado, aunque tambi\u00e9n puede ser a trav\u00e9s de objetos contaminados.<\/p>\n<p style=\"text-align: justify\">Generalmente, la enfermedad es leve y se resuelve en 2 a 4 semanas, pero puede ser m\u00e1s grave en algunos casos.<\/p>\n","protected":false},"excerpt":{"rendered":"<p>Carlos Hurtado, director de Epidemiolog\u00eda del Servicio Departamental del Salud (Sedes) report\u00f3 el primer caso confirmado de viruela del mono en Santa Cruz en este inicio de gesti\u00f3n. Se trata de un paciente var\u00f3n joven-adulto que ya fue ingresado a un centro de salud p\u00fablico. Como prevenci\u00f3n, Hurtado inform\u00f3 que se est\u00e1n habilitando salas especiales [&hellip;]<\/p>\n","protected":false},"author":1,"featured_media":83587,"comment_status":"closed","ping_status":"open","sticky":false,"template":"","format":"standard","meta":{"footnotes":""},"categories":[20,47,48],"tags":[],"class_list":{"0":"post-83586","1":"post","2":"type-post","3":"status-publish","4":"format-standard","5":"has-post-thumbnail","7":"category-actualidad","8":"category-portada-actualidad","9":"category-portada-general-sitio"},"_links":{"self":[{"href":"https:\/\/jms.com.bo\/mediamonitor\/wp-json\/wp\/v2\/posts\/83586","targetHints":{"allow":["GET"]}}],"collection":[{"href":"https:\/\/jms.com.bo\/mediamonitor\/wp-json\/wp\/v2\/posts"}],"about":[{"href":"https:\/\/jms.com.bo\/mediamonitor\/wp-json\/wp\/v2\/types\/post"}],"author":[{"embeddable":true,"href":"https:\/\/jms.com.bo\/mediamonitor\/wp-json\/wp\/v2\/users\/1"}],"replies":[{"embeddable":true,"href":"https:\/\/jms.com.bo\/mediamonitor\/wp-json\/wp\/v2\/comments?post=83586"}],"version-history":[{"count":0,"href":"https:\/\/jms.com.bo\/mediamonitor\/wp-json\/wp\/v2\/posts\/83586\/revisions"}],"wp:featuredmedia":[{"embeddable":true,"href":"https:\/\/jms.com.bo\/mediamonitor\/wp-json\/wp\/v2\/media\/83587"}],"wp:attachment":[{"href":"https:\/\/jms.com.bo\/mediamonitor\/wp-json\/wp\/v2\/media?parent=83586"}],"wp:term":[{"taxonomy":"category","embeddable":true,"href":"https:\/\/jms.com.bo\/mediamonitor\/wp-json\/wp\/v2\/categories?post=83586"},{"taxonomy":"post_tag","embeddable":true,"href":"https:\/\/jms.com.bo\/mediamonitor\/wp-json\/wp\/v2\/tags?post=83586"}],"curies":[{"name":"wp","href":"https:\/\/api.w.org\/{rel}","templated":true}]}}