{"id":83609,"date":"2026-01-16T07:43:21","date_gmt":"2026-01-16T11:43:21","guid":{"rendered":"https:\/\/mediamonitorbo.com.bo\/?p=16654"},"modified":"2026-01-16T07:43:21","modified_gmt":"2026-01-16T11:43:21","slug":"civicos-forman-comisiones-para-defensade-tariquia-y-deciden-ir-a-la-reserva","status":"publish","type":"post","link":"https:\/\/jms.com.bo\/mediamonitor\/2026\/01\/16\/civicos-forman-comisiones-para-defensade-tariquia-y-deciden-ir-a-la-reserva\/","title":{"rendered":"C\u00edvicos forman comisiones para defensade Tariqu\u00eda y deciden ir a la Reserva"},"content":{"rendered":"<p style=\"text-align: justify\">La asamblea de instituciones convocada por el Comit\u00e9 C\u00edvico de Tarija, resolvi\u00f3 conformar tres comisiones para la defensa de esta Reserva y desplazarse a la zona para expresar el respaldo a los comunarios.<\/p>\n<p style=\"text-align: justify\">\u201cLa comisi\u00f3n jur\u00eddica a la cabeza del Colegio de Abogados del departamento, la t\u00e9cnica con la Federaci\u00f3n de profesionales y de movilizaci\u00f3n a cargo del Comit\u00e9 C\u00edvico juvenil y de Tarija\u201d, inform\u00f3 el presidente, Jes\u00fas Gira Mart\u00ednez.<\/p>\n<p style=\"text-align: justify\">El representante al final de la Asamblea, que cont\u00f3 con bastante participaci\u00f3n, manifest\u00f3 que todos expresaron su posici\u00f3n respecto esta Reserva considerada un santuario natural de todos los tarije\u00f1os y es una obligaci\u00f3n cuidarlo.<\/p>\n<p style=\"text-align: justify\">Otra determinaci\u00f3n de los asamble\u00edstas es que la poblaci\u00f3n que lo desee se trasladar\u00e1 a la zona de la Reserva este s\u00e1bado, para ir a manifestar el apoyo a quienes est\u00e1n en la defensa de su h\u00e1bitat, ante el ingreso de las petroleras.<\/p>\n<p style=\"text-align: justify\">La brigada parlamentaria est\u00e1 comprometida en las acciones, inform\u00f3 Gira al nombrar a otras entidades que se sumaron decididamente a la defensa de esta zona, declarada Reserva Natural de Flora y Fauna mediante Ley nacional.<\/p>\n<p style=\"text-align: justify\">El c\u00edvico inform\u00f3 con relaci\u00f3n al enjuiciamiento de algunos comunarios por la petrolera con el argumento de que incurrieron en delitos, que habr\u00e1 un acompa\u00f1amiento y defensa legal por el Colegio de Abogados de Tarija.<\/p>\n<p style=\"text-align: justify\">\u201cVamos a hacer entrega de la documentaci\u00f3n que se requiere para hacer la defensa legal\u201d, inform\u00f3 al a\u00f1adir que en este trabajo conjunto el Comit\u00e9 tambi\u00e9n se sumara a la demanda del Defensor del Pueblo de una pausa en el ingreso de la petrolera.<\/p>\n<p style=\"text-align: justify\">EL APUNTE<br \/>\nPlazo para abandono<\/p>\n<p style=\"text-align: justify\">Sobre la decisi\u00f3n de los comunarios de dar 24 horas a la petrolera Petrobras, que ingres\u00f3 por la fuerza a Saic\u00e1n, para que abandone el lugar, Gira respondi\u00f3 que acompa\u00f1ar\u00e1n toda acci\u00f3n que asuman los comunarios en defensa de esta zona.<br \/>\nLos comunarios de Chiquiac\u00e1 sobre todo, est\u00e1n en bloqueo y vigilia hace meses, para evitar el ingreso petrolero, que se interrumpi\u00f3 hace unas dos semanas cuando ingresaron por la fuerza, con fuerte respaldo policial.<\/p>\n<p style=\"text-align: justify\">En Saic\u00e1n est\u00e1 el \u00e1rea Domo Oso X-3 donde se prev\u00e9 efectuar la primera perforaci\u00f3n exploratoria, hay informaci\u00f3n de que la Petrobras, el 2012, certific\u00f3 la existencia de 4,4 Trillones de Pies C\u00fabicos de Gas (TCF) en la zona.<\/p>\n","protected":false},"excerpt":{"rendered":"<p>La asamblea de instituciones convocada por el Comit\u00e9 C\u00edvico de Tarija, resolvi\u00f3 conformar tres comisiones para la defensa de esta Reserva y desplazarse a la zona para expresar el respaldo a los comunarios. \u201cLa comisi\u00f3n jur\u00eddica a la cabeza del Colegio de Abogados del departamento, la t\u00e9cnica con la Federaci\u00f3n de profesionales y de movilizaci\u00f3n [&hellip;]<\/p>\n","protected":false},"author":1,"featured_media":83610,"comment_status":"closed","ping_status":"open","sticky":false,"template":"","format":"standard","meta":{"footnotes":""},"categories":[40,23],"tags":[],"class_list":{"0":"post-83609","1":"post","2":"type-post","3":"status-publish","4":"format-standard","5":"has-post-thumbnail","7":"category-bolivia","8":"category-hidrocarburos"},"_links":{"self":[{"href":"https:\/\/jms.com.bo\/mediamonitor\/wp-json\/wp\/v2\/posts\/83609","targetHints":{"allow":["GET"]}}],"collection":[{"href":"https:\/\/jms.com.bo\/mediamonitor\/wp-json\/wp\/v2\/posts"}],"about":[{"href":"https:\/\/jms.com.bo\/mediamonitor\/wp-json\/wp\/v2\/types\/post"}],"author":[{"embeddable":true,"href":"https:\/\/jms.com.bo\/mediamonitor\/wp-json\/wp\/v2\/users\/1"}],"replies":[{"embeddable":true,"href":"https:\/\/jms.com.bo\/mediamonitor\/wp-json\/wp\/v2\/comments?post=83609"}],"version-history":[{"count":0,"href":"https:\/\/jms.com.bo\/mediamonitor\/wp-json\/wp\/v2\/posts\/83609\/revisions"}],"wp:featuredmedia":[{"embeddable":true,"href":"https:\/\/jms.com.bo\/mediamonitor\/wp-json\/wp\/v2\/media\/83610"}],"wp:attachment":[{"href":"https:\/\/jms.com.bo\/mediamonitor\/wp-json\/wp\/v2\/media?parent=83609"}],"wp:term":[{"taxonomy":"category","embeddable":true,"href":"https:\/\/jms.com.bo\/mediamonitor\/wp-json\/wp\/v2\/categories?post=83609"},{"taxonomy":"post_tag","embeddable":true,"href":"https:\/\/jms.com.bo\/mediamonitor\/wp-json\/wp\/v2\/tags?post=83609"}],"curies":[{"name":"wp","href":"https:\/\/api.w.org\/{rel}","templated":true}]}}