{"id":83622,"date":"2026-01-19T07:36:34","date_gmt":"2026-01-19T11:36:34","guid":{"rendered":"https:\/\/mediamonitorbo.com.bo\/?p=16672"},"modified":"2026-01-19T07:36:34","modified_gmt":"2026-01-19T11:36:34","slug":"emapa-estima-que-irregularidades-con-harina-causaron-dano-al-estado-de-bs-66-millones","status":"publish","type":"post","link":"https:\/\/jms.com.bo\/mediamonitor\/2026\/01\/19\/emapa-estima-que-irregularidades-con-harina-causaron-dano-al-estado-de-bs-66-millones\/","title":{"rendered":"Emapa estima que irregularidades con harina causaron da\u00f1o al Estado de Bs 6,6 millones"},"content":{"rendered":"<p style=\"text-align: justify\">El gerente de la Empresa de Apoyo a la Producci\u00f3n de Alimentos (Emapa), Sergio Siles, inform\u00f3 que se presume un da\u00f1o econ\u00f3mico al Estado de 6,6 millones de bolivianos por irregularidades en la administraci\u00f3n de la harina subvencionada.<\/p>\n<p style=\"text-align: justify\">La autoridad explic\u00f3 que la afectaci\u00f3n se vincula con un manejo inadecuado de la subvenci\u00f3n y con tres contratos relacionados con el exdirigente panificador Roberto R\u00edos, referidos al transporte del producto, el alquiler de galpones para el almacenamiento de la harina y su provisi\u00f3n a los panificadores.<\/p>\n<p style=\"text-align: justify\">\u201cSolamente en el caso de harina 1 y harina 2 estamos hablando de 6,6 millones de afectaci\u00f3n como da\u00f1o econ\u00f3mico al Estado\u201d, inform\u00f3 en conferencia de prensa brindada junto al ministro de Desarrollo Productivo, \u00d3scar Justiniano.<\/p>\n<p style=\"text-align: justify\">Otras irregularidades en la gesti\u00f3n anterior<\/p>\n<p style=\"text-align: justify\">Siles tambi\u00e9n expuso otras irregularidades detectadas durante la gesti\u00f3n del entonces gerente Franklin Flores, quien cumple detenci\u00f3n preventiva en el penal de San Pedro.<\/p>\n<p style=\"text-align: justify\">Uno de los casos observados corresponde a la construcci\u00f3n de la planta procesadora de papa en El Alto, obra valuada en m\u00e1s de 180 millones de bolivianos, en la que Flores \u201chabr\u00eda incurrido en una conducta antiecon\u00f3mica\u201d.<\/p>\n<p style=\"text-align: justify\">A\u00f1adi\u00f3 que se identificaron irregularidades en el complejo pisc\u00edcola del lago Titicaca, que pese a una inversi\u00f3n aproximada de 87 millones de bolivianos a\u00fan no opera. Indic\u00f3 que, al igual que en el caso de la planta de papa, se presume una afectaci\u00f3n econ\u00f3mica al Estado atribuida al exgerente.<\/p>\n<p style=\"text-align: justify\">Auditor\u00edas y procesos en curso<\/p>\n<p style=\"text-align: justify\">El Gobierno impulsa auditor\u00edas a las 14 plantas y proyectos de Emapa con el objetivo de identificar nuevas irregularidades y posibles da\u00f1os econ\u00f3micos. De forma paralela, se investigan todas las operaciones vinculadas a comercializaci\u00f3n, acopio y transformaci\u00f3n.<\/p>\n<p style=\"text-align: justify\">El ministro de Desarrollo Productivo, \u00d3scar Justiniano, record\u00f3 que las estimaciones preliminares se\u00f1alan que la corrupci\u00f3n en Emapa dej\u00f3 un da\u00f1o al Estado que supera los 1.000 millones de bolivianos.<\/p>\n<p style=\"text-align: justify\">\u201cSolamente en el tema de Emapa estamos nosotros hablando ya de cifras las cuales sobrepasan los Bs 1.000 millones, pero por responsabilidad daremos a conocer con detalle cuando tengamos las auditor\u00edas, cuando tengamos tambi\u00e9n los reportes, cuando se lo pasemos a la Fiscal\u00eda\u201d, afirm\u00f3.<\/p>\n<p style=\"text-align: justify\">Rafael Arce<\/p>\n<p style=\"text-align: justify\">Consultado sobre si las investigaciones incluyen a Rafael Arce Mosqueira, hijo del expresidente, Luis Arce, Siles afirm\u00f3 que todas las personas mencionadas ser\u00e1n investigadas sin excepciones ni privilegios.<\/p>\n<p style=\"text-align: justify\">Arce Mosqueira fue vinculado con algunas de las irregularidades detectadas en la empresa estatal y enfrenta una imputaci\u00f3n por enriquecimiento il\u00edcito. Este jueves, el viceministro de Transparencia, Seguridad Jur\u00eddica y Derechos Humanos, Yamil Garc\u00eda, inform\u00f3 que su despacho activar\u00e1 procesos para registrar los bienes del hijo del exmandatario a favor del Estado.<\/p>\n","protected":false},"excerpt":{"rendered":"<p>El gerente de la Empresa de Apoyo a la Producci\u00f3n de Alimentos (Emapa), Sergio Siles, inform\u00f3 que se presume un da\u00f1o econ\u00f3mico al Estado de 6,6 millones de bolivianos por irregularidades en la administraci\u00f3n de la harina subvencionada. La autoridad explic\u00f3 que la afectaci\u00f3n se vincula con un manejo inadecuado de la subvenci\u00f3n y con [&hellip;]<\/p>\n","protected":false},"author":1,"featured_media":83623,"comment_status":"closed","ping_status":"open","sticky":false,"template":"","format":"standard","meta":{"footnotes":""},"categories":[57],"tags":[],"class_list":{"0":"post-83622","1":"post","2":"type-post","3":"status-publish","4":"format-standard","5":"has-post-thumbnail","7":"category-alimentos-y-agroindustria"},"_links":{"self":[{"href":"https:\/\/jms.com.bo\/mediamonitor\/wp-json\/wp\/v2\/posts\/83622","targetHints":{"allow":["GET"]}}],"collection":[{"href":"https:\/\/jms.com.bo\/mediamonitor\/wp-json\/wp\/v2\/posts"}],"about":[{"href":"https:\/\/jms.com.bo\/mediamonitor\/wp-json\/wp\/v2\/types\/post"}],"author":[{"embeddable":true,"href":"https:\/\/jms.com.bo\/mediamonitor\/wp-json\/wp\/v2\/users\/1"}],"replies":[{"embeddable":true,"href":"https:\/\/jms.com.bo\/mediamonitor\/wp-json\/wp\/v2\/comments?post=83622"}],"version-history":[{"count":0,"href":"https:\/\/jms.com.bo\/mediamonitor\/wp-json\/wp\/v2\/posts\/83622\/revisions"}],"wp:featuredmedia":[{"embeddable":true,"href":"https:\/\/jms.com.bo\/mediamonitor\/wp-json\/wp\/v2\/media\/83623"}],"wp:attachment":[{"href":"https:\/\/jms.com.bo\/mediamonitor\/wp-json\/wp\/v2\/media?parent=83622"}],"wp:term":[{"taxonomy":"category","embeddable":true,"href":"https:\/\/jms.com.bo\/mediamonitor\/wp-json\/wp\/v2\/categories?post=83622"},{"taxonomy":"post_tag","embeddable":true,"href":"https:\/\/jms.com.bo\/mediamonitor\/wp-json\/wp\/v2\/tags?post=83622"}],"curies":[{"name":"wp","href":"https:\/\/api.w.org\/{rel}","templated":true}]}}