{"id":83626,"date":"2026-01-19T07:39:54","date_gmt":"2026-01-19T11:39:54","guid":{"rendered":"https:\/\/mediamonitorbo.com.bo\/?p=16678"},"modified":"2026-01-19T07:39:54","modified_gmt":"2026-01-19T11:39:54","slug":"profesionales-de-la-salud-anuncian-paro-movilizado-de-48-horas-en-santa-cruz","status":"publish","type":"post","link":"https:\/\/jms.com.bo\/mediamonitor\/2026\/01\/19\/profesionales-de-la-salud-anuncian-paro-movilizado-de-48-horas-en-santa-cruz\/","title":{"rendered":"Profesionales de la salud anuncian paro movilizado de 48 horas en Santa Cruz"},"content":{"rendered":"<p style=\"text-align: justify\">Tras un ampliado de emergencia, los profesionales de la salud p\u00fablica afiliados a Fesirmes Santa Cruz anunciaron un paro movilizado de 48 horas que se realizar\u00e1 el lunes 19 y martes 20, tanto en la capital como en las provincias.<\/p>\n<p style=\"text-align: justify\">La medida fue asumida por los 33 sectores que integran la Federaci\u00f3n de Sindicatos de Ramas M\u00e9dicas de Salud, en protesta por la deuda en el pago de salarios y la falta de atenci\u00f3n en la Caja Nacional de Salud.<\/p>\n<p style=\"text-align: justify\">Seg\u00fan el sector, estas responsabilidades recaen en la Alcald\u00eda y la Gobernaci\u00f3n, instancias a las que exigen una soluci\u00f3n inmediata al conflicto.<\/p>\n<p style=\"text-align: justify\">El paro movilizado alcanzar\u00e1 a los hospitales de primer, segundo y tercer nivel. Los dirigentes advirtieron que, de no existir respuestas concretas, podr\u00edan radicalizar las medidas en los pr\u00f3ximos d\u00edas.<\/p>\n","protected":false},"excerpt":{"rendered":"<p>Tras un ampliado de emergencia, los profesionales de la salud p\u00fablica afiliados a Fesirmes Santa Cruz anunciaron un paro movilizado de 48 horas que se realizar\u00e1 el lunes 19 y martes 20, tanto en la capital como en las provincias. La medida fue asumida por los 33 sectores que integran la Federaci\u00f3n de Sindicatos de [&hellip;]<\/p>\n","protected":false},"author":1,"featured_media":83627,"comment_status":"closed","ping_status":"open","sticky":false,"template":"","format":"standard","meta":{"footnotes":""},"categories":[49],"tags":[],"class_list":{"0":"post-83626","1":"post","2":"type-post","3":"status-publish","4":"format-standard","5":"has-post-thumbnail","7":"category-social"},"_links":{"self":[{"href":"https:\/\/jms.com.bo\/mediamonitor\/wp-json\/wp\/v2\/posts\/83626","targetHints":{"allow":["GET"]}}],"collection":[{"href":"https:\/\/jms.com.bo\/mediamonitor\/wp-json\/wp\/v2\/posts"}],"about":[{"href":"https:\/\/jms.com.bo\/mediamonitor\/wp-json\/wp\/v2\/types\/post"}],"author":[{"embeddable":true,"href":"https:\/\/jms.com.bo\/mediamonitor\/wp-json\/wp\/v2\/users\/1"}],"replies":[{"embeddable":true,"href":"https:\/\/jms.com.bo\/mediamonitor\/wp-json\/wp\/v2\/comments?post=83626"}],"version-history":[{"count":0,"href":"https:\/\/jms.com.bo\/mediamonitor\/wp-json\/wp\/v2\/posts\/83626\/revisions"}],"wp:featuredmedia":[{"embeddable":true,"href":"https:\/\/jms.com.bo\/mediamonitor\/wp-json\/wp\/v2\/media\/83627"}],"wp:attachment":[{"href":"https:\/\/jms.com.bo\/mediamonitor\/wp-json\/wp\/v2\/media?parent=83626"}],"wp:term":[{"taxonomy":"category","embeddable":true,"href":"https:\/\/jms.com.bo\/mediamonitor\/wp-json\/wp\/v2\/categories?post=83626"},{"taxonomy":"post_tag","embeddable":true,"href":"https:\/\/jms.com.bo\/mediamonitor\/wp-json\/wp\/v2\/tags?post=83626"}],"curies":[{"name":"wp","href":"https:\/\/api.w.org\/{rel}","templated":true}]}}