{"id":83628,"date":"2026-01-19T07:40:54","date_gmt":"2026-01-19T11:40:54","guid":{"rendered":"https:\/\/mediamonitorbo.com.bo\/?p=16681"},"modified":"2026-01-19T07:40:54","modified_gmt":"2026-01-19T11:40:54","slug":"ministro-medinaceli-reconoce-que-contrabando-de-diesel-vuelca-su-mirada-al-glp","status":"publish","type":"post","link":"https:\/\/jms.com.bo\/mediamonitor\/2026\/01\/19\/ministro-medinaceli-reconoce-que-contrabando-de-diesel-vuelca-su-mirada-al-glp\/","title":{"rendered":"Ministro Medinaceli reconoce que contrabando de di\u00e9sel \u201cvuelca su mirada al GLP\u201d"},"content":{"rendered":"<p style=\"text-align: justify\">El ministro de Hidrocarburos, Mauricio Medinaceli, inform\u00f3 que los contrabandistas de di\u00e9sel comienzan a cambiar de producto y ahora se dedican al gas licuado de petr\u00f3leo (GLP), debido a la estabilizaci\u00f3n de precios del combustible.<\/p>\n<p style=\"text-align: justify\">\u201cTenemos que todo el contrabando de di\u00e9sel que se cort\u00f3 debido a la estabilizaci\u00f3n de precios, ahora vuelca su mirada hacia el GLP (\u2026). Entonces quer\u00edamos mantener ese precio, pero surge otro problema,que estas garrafas cuestan hasta cuatro o cinco veces m\u00e1s en el Per\u00fa\u201d, inform\u00f3 Medinaceli en entrevista con Unitel.<\/p>\n<p style=\"text-align: justify\">La denuncia surge en un contexto de desabastecimiento de GLP en varias ciudades del pa\u00eds, situaci\u00f3n que deriv\u00f3 en largas filas en los puntos de distribuci\u00f3n y en la venta del producto a precios superiores en tiendas de barrio.<\/p>\n<p style=\"text-align: justify\">El ministro se\u00f1al\u00f3 que una de las causas del desabastecimiento es el incremento de la demanda en las \u00faltimas semanas, fen\u00f3meno que, seg\u00fan dijo, se presume vinculado al contrabando.<\/p>\n<p style=\"text-align: justify\">Durante noviembre y diciembre, el consumo habitual de garrafas alcanz\u00f3 las 1.400 toneladas diarias; sin embargo, tras la reducci\u00f3n del contrabando de di\u00e9sel, la demanda subi\u00f3 a 1.700 toneladas. Medinaceli indic\u00f3 que se presume que este volumen se destina a la venta ilegal de GLP en el exterior, principalmente en Per\u00fa.<\/p>\n<p style=\"text-align: justify\">\u201cAl momento, me refiero a diciembre y enero, la producci\u00f3n (de GLP) abastece el consumo interno\u201d, afirm\u00f3 el ministro.<\/p>\n<p style=\"text-align: justify\">Adem\u00e1s del aumento de la demanda, Medinaceli atribuy\u00f3 el desabastecimiento a las protestas y bloqueos impulsados por sectores sociales, liderados por la Central Obrera Boliviana (COB), en rechazo al Decreto Supremo 5503. Explic\u00f3 que a causa de las movilizaciones se interrumpieron el transporte del GLP por ductos, as\u00ed como las labores de envasado y distribuci\u00f3n.<\/p>\n<p style=\"text-align: justify\">\u201cPero todos estos elementos son de muy corto plazo que hay que trabajarlos, y en el mediano plazo s\u00ed se propone incrementar la penalidad para los que contrabandeen GLP, con a\u00f1os de c\u00e1rcel; y segundo, mejorar el control a las fronteras; e implementar medidas tecnol\u00f3gicas para que el GLP, digamos, no se pueda vender en el Per\u00fa\u201d, afirm\u00f3.<\/p>\n<p style=\"text-align: justify\">El ministro indic\u00f3 que el principal desaf\u00edo es garantizar el abastecimiento interno y frenar el contrabando de GLP. En ese marco, pidi\u00f3 a la poblaci\u00f3n comunicarse con la Agencia Nacional de Hidrocarburos, al n\u00famero 800-10-6006, para reportar puntos de desabastecimiento y facilitar la normalizaci\u00f3n del suministro.<\/p>\n<p style=\"text-align: justify\">\u201cEn este sentido, ayer habl\u00e9 con el presidente YPFB (Yussef Akly) por la noche, entendemos que para fin de semana ya deber\u00eda estar todo normalizado\u201d, asegur\u00f3.<\/p>\n<p style=\"text-align: justify\">Gasolina y di\u00e9sel<\/p>\n<p style=\"text-align: justify\">Medinaceli destac\u00f3 que la provisi\u00f3n de di\u00e9sel y gasolina se normaliz\u00f3, aunque advirti\u00f3 que persiste el desaf\u00edo de asegurar un suministro permanente y sostenido en los pr\u00f3ximos a\u00f1os.<\/p>\n<p style=\"text-align: justify\">Reiter\u00f3 que el Gobierno prev\u00e9 garantizar el abastecimiento mediante la creaci\u00f3n de bloques mayoristas que suministrar\u00e1n gasolina y di\u00e9sel por un periodo de cinco a\u00f1os, tanto a trav\u00e9s de empresas privadas como de Yacimientos Petrol\u00edferos Fiscales Bolivianos (YPFB).<\/p>\n<p style=\"text-align: justify\">\u201cLo que tenemos que hacer es crear bloques donde un bloque mayorista, por ejemplo, abastezca Santa Cruz y el norte de Potos\u00ed (\u2026),que abastezca La Paz y el norte de Pando (\u2026). De esta forma, estas empresas est\u00e1n obligadas no solo a abastecer donde la rentabilidad es alta, sino tambi\u00e9n en zonas alejadas del pa\u00eds donde la rentabilidad es menor\u201d, explic\u00f3.<\/p>\n<p style=\"text-align: justify\">Agreg\u00f3 que otro reto es la instalaci\u00f3n de surtidores en zonas alejadas y la mejora de la calidad del servicio.<\/p>\n<p style=\"text-align: justify\">Para enfrentar la crisis por la escasez de combustibles y garantizar su distribuci\u00f3n, el Gobierno emiti\u00f3 recientemente un decreto que declar\u00f3 emergencia energ\u00e9tica y social en todo el territorio nacional. Entre las medidas, dispuso la exclusi\u00f3n del di\u00e9sel de la lista de sustancias controladas.<\/p>\n","protected":false},"excerpt":{"rendered":"<p>El ministro de Hidrocarburos, Mauricio Medinaceli, inform\u00f3 que los contrabandistas de di\u00e9sel comienzan a cambiar de producto y ahora se dedican al gas licuado de petr\u00f3leo (GLP), debido a la estabilizaci\u00f3n de precios del combustible. \u201cTenemos que todo el contrabando de di\u00e9sel que se cort\u00f3 debido a la estabilizaci\u00f3n de precios, ahora vuelca su mirada [&hellip;]<\/p>\n","protected":false},"author":1,"featured_media":83629,"comment_status":"closed","ping_status":"open","sticky":false,"template":"","format":"standard","meta":{"footnotes":""},"categories":[20],"tags":[],"class_list":{"0":"post-83628","1":"post","2":"type-post","3":"status-publish","4":"format-standard","5":"has-post-thumbnail","7":"category-actualidad"},"_links":{"self":[{"href":"https:\/\/jms.com.bo\/mediamonitor\/wp-json\/wp\/v2\/posts\/83628","targetHints":{"allow":["GET"]}}],"collection":[{"href":"https:\/\/jms.com.bo\/mediamonitor\/wp-json\/wp\/v2\/posts"}],"about":[{"href":"https:\/\/jms.com.bo\/mediamonitor\/wp-json\/wp\/v2\/types\/post"}],"author":[{"embeddable":true,"href":"https:\/\/jms.com.bo\/mediamonitor\/wp-json\/wp\/v2\/users\/1"}],"replies":[{"embeddable":true,"href":"https:\/\/jms.com.bo\/mediamonitor\/wp-json\/wp\/v2\/comments?post=83628"}],"version-history":[{"count":0,"href":"https:\/\/jms.com.bo\/mediamonitor\/wp-json\/wp\/v2\/posts\/83628\/revisions"}],"wp:featuredmedia":[{"embeddable":true,"href":"https:\/\/jms.com.bo\/mediamonitor\/wp-json\/wp\/v2\/media\/83629"}],"wp:attachment":[{"href":"https:\/\/jms.com.bo\/mediamonitor\/wp-json\/wp\/v2\/media?parent=83628"}],"wp:term":[{"taxonomy":"category","embeddable":true,"href":"https:\/\/jms.com.bo\/mediamonitor\/wp-json\/wp\/v2\/categories?post=83628"},{"taxonomy":"post_tag","embeddable":true,"href":"https:\/\/jms.com.bo\/mediamonitor\/wp-json\/wp\/v2\/tags?post=83628"}],"curies":[{"name":"wp","href":"https:\/\/api.w.org\/{rel}","templated":true}]}}