{"id":83630,"date":"2026-01-19T07:42:13","date_gmt":"2026-01-19T11:42:13","guid":{"rendered":"https:\/\/mediamonitorbo.com.bo\/?p=16684"},"modified":"2026-01-19T07:42:13","modified_gmt":"2026-01-19T11:42:13","slug":"tunel-aguarague-impulsara-el-corredor-comercial-del-sur","status":"publish","type":"post","link":"https:\/\/jms.com.bo\/mediamonitor\/2026\/01\/19\/tunel-aguarague-impulsara-el-corredor-comercial-del-sur\/","title":{"rendered":"T\u00fanel Aguarag\u00fce impulsar\u00e1 el corredor comercial del sur"},"content":{"rendered":"<p style=\"text-align: justify\">La Administradora Boliviana de Carreteras (ABC) Regional Tarija socializ\u00f3 el estado del proyecto T\u00fanel Aguarag\u00fce ante representantes c\u00edvicos de Tarija y Yacuiba, quienes expresaron su apoyo a esta obra estrat\u00e9gica que fortalecer\u00e1 la integraci\u00f3n y el desarrollo econ\u00f3mico del sur del pa\u00eds.<\/p>\n<p style=\"text-align: justify\">El ministro de Obras P\u00fablicas, Mauricio Zamora, destac\u00f3 que el t\u00fanel ser\u00e1 clave para consolidar el corredor Oeste\u2013Sur, conectando a Bolivia con Paraguay, Chile y Argentina, adem\u00e1s de vincular de forma directa a Tarija con Santa Cruz y con la Red Vial Fundamental.<\/p>\n<p style=\"text-align: justify\">El gerente regional de la ABC en Tarija, Demetrio Calabi Nowotny, inform\u00f3 a los comit\u00e9s c\u00edvicos que el estudio t\u00e9cnico de preinversi\u00f3n del t\u00fanel se encuentra en revisi\u00f3n y actualizaci\u00f3n, lo que permitir\u00e1 avanzar hacia la etapa de dise\u00f1o para su futura construcci\u00f3n.<\/p>\n<p style=\"text-align: justify\">T\u00fanel<\/p>\n<p style=\"text-align: justify\">El presidente de la ABC, Ernesto Farf\u00e1n, indic\u00f3 que la obra dinamizar\u00e1 la econom\u00eda regional al facilitar el transporte de carga y pasajeros, reducir tiempos de viaje y mejorar la competitividad de Tarija dentro del comercio nacional e internacional.<\/p>\n<p style=\"text-align: justify\">El T\u00fanel Aguarag\u00fce tendr\u00e1 una longitud de 1.200 metros y formar\u00e1 parte de la Red Vial Fundamental en el tramo Carapar\u00ed\u2013Yacuiba. La entidad aclar\u00f3 que los estudios t\u00e9cnicos, sociales y ambientales determinaron que la construcci\u00f3n no afectar\u00e1 fuentes de agua ni territorios ind\u00edgenas, garantizando su viabilidad.<\/p>\n<p style=\"text-align: justify\">Tras la reuni\u00f3n, los representantes c\u00edvicos reafirmaron su compromiso de trabajar de forma conjunta con el Gobierno y la ABC para impulsar este proyecto que busca convertir al sur boliviano en un eje log\u00edstico y productivo para el comercio exterior.<\/p>\n","protected":false},"excerpt":{"rendered":"<p>La Administradora Boliviana de Carreteras (ABC) Regional Tarija socializ\u00f3 el estado del proyecto T\u00fanel Aguarag\u00fce ante representantes c\u00edvicos de Tarija y Yacuiba, quienes expresaron su apoyo a esta obra estrat\u00e9gica que fortalecer\u00e1 la integraci\u00f3n y el desarrollo econ\u00f3mico del sur del pa\u00eds. El ministro de Obras P\u00fablicas, Mauricio Zamora, destac\u00f3 que el t\u00fanel ser\u00e1 clave [&hellip;]<\/p>\n","protected":false},"author":1,"featured_media":83631,"comment_status":"closed","ping_status":"open","sticky":false,"template":"","format":"standard","meta":{"footnotes":""},"categories":[20],"tags":[],"class_list":{"0":"post-83630","1":"post","2":"type-post","3":"status-publish","4":"format-standard","5":"has-post-thumbnail","7":"category-actualidad"},"_links":{"self":[{"href":"https:\/\/jms.com.bo\/mediamonitor\/wp-json\/wp\/v2\/posts\/83630","targetHints":{"allow":["GET"]}}],"collection":[{"href":"https:\/\/jms.com.bo\/mediamonitor\/wp-json\/wp\/v2\/posts"}],"about":[{"href":"https:\/\/jms.com.bo\/mediamonitor\/wp-json\/wp\/v2\/types\/post"}],"author":[{"embeddable":true,"href":"https:\/\/jms.com.bo\/mediamonitor\/wp-json\/wp\/v2\/users\/1"}],"replies":[{"embeddable":true,"href":"https:\/\/jms.com.bo\/mediamonitor\/wp-json\/wp\/v2\/comments?post=83630"}],"version-history":[{"count":0,"href":"https:\/\/jms.com.bo\/mediamonitor\/wp-json\/wp\/v2\/posts\/83630\/revisions"}],"wp:featuredmedia":[{"embeddable":true,"href":"https:\/\/jms.com.bo\/mediamonitor\/wp-json\/wp\/v2\/media\/83631"}],"wp:attachment":[{"href":"https:\/\/jms.com.bo\/mediamonitor\/wp-json\/wp\/v2\/media?parent=83630"}],"wp:term":[{"taxonomy":"category","embeddable":true,"href":"https:\/\/jms.com.bo\/mediamonitor\/wp-json\/wp\/v2\/categories?post=83630"},{"taxonomy":"post_tag","embeddable":true,"href":"https:\/\/jms.com.bo\/mediamonitor\/wp-json\/wp\/v2\/tags?post=83630"}],"curies":[{"name":"wp","href":"https:\/\/api.w.org\/{rel}","templated":true}]}}