{"id":83634,"date":"2026-01-19T07:47:50","date_gmt":"2026-01-19T11:47:50","guid":{"rendered":"https:\/\/mediamonitorbo.com.bo\/?p=16690"},"modified":"2026-01-19T07:47:50","modified_gmt":"2026-01-19T11:47:50","slug":"santa-cruz-cambia-de-color-con-la-irrupcion-plena-de-la-campana","status":"publish","type":"post","link":"https:\/\/jms.com.bo\/mediamonitor\/2026\/01\/19\/santa-cruz-cambia-de-color-con-la-irrupcion-plena-de-la-campana\/","title":{"rendered":"Santa Cruz cambia de color con la irrupci\u00f3n plena de la campa\u00f1a"},"content":{"rendered":"<p style=\"text-align: justify\">La cuenta regresiva hacia el 22 de marzo ya se siente en calles, plazas y comunidades del departamento. Santa Cruz comienza a vestirse de campa\u00f1a y a mostrar una nueva fisonom\u00eda marcada por colores partidarios, m\u00fasica, pancartas y la presencia constante de candidatos que buscan el respaldo ciudadano.<\/p>\n<p style=\"text-align: justify\">En la capital y en provincias, las actividades se multiplican. Luis Fernando Camacho, de Creemos Patria, arranc\u00f3 su recorrido departamental con un masivo acto en la Villa Primero de Mayo, mientras que Branko Marinkovic, de Dem\u00f3cratas, llev\u00f3 su propuesta a espacios productivos y feriales, como Porongo.<\/p>\n<p style=\"text-align: justify\">A ellos se suman JP Velasco (Libre), Otto Ritter (Santa Cruz Para Todos) y Julio C\u00e9sar T\u00f3rrez (Nueva Generaci\u00f3n Patri\u00f3tica), quienes avanzan por municipios, comunidades y barrios con encuentros que van desde concentraciones multitudinarias hasta reuniones vecinales m\u00e1s \u00edntimas.<\/p>\n<p style=\"text-align: justify\">En la disputa municipal, la escena no es distinta. Mam\u00e9n Saavedra (VOS) y Gary A\u00f1ez (Primero Santa Cruz) se abren paso entre mercados, villas y ciudadelas, combinando actos formales con campa\u00f1as de contacto directo: presentaciones p\u00fablicas, recorridos barriales y servicio social.<\/p>\n","protected":false},"excerpt":{"rendered":"<p>La cuenta regresiva hacia el 22 de marzo ya se siente en calles, plazas y comunidades del departamento. Santa Cruz comienza a vestirse de campa\u00f1a y a mostrar una nueva fisonom\u00eda marcada por colores partidarios, m\u00fasica, pancartas y la presencia constante de candidatos que buscan el respaldo ciudadano. En la capital y en provincias, las [&hellip;]<\/p>\n","protected":false},"author":1,"featured_media":83635,"comment_status":"closed","ping_status":"open","sticky":false,"template":"","format":"standard","meta":{"footnotes":""},"categories":[18],"tags":[],"class_list":{"0":"post-83634","1":"post","2":"type-post","3":"status-publish","4":"format-standard","5":"has-post-thumbnail","7":"category-politica"},"_links":{"self":[{"href":"https:\/\/jms.com.bo\/mediamonitor\/wp-json\/wp\/v2\/posts\/83634","targetHints":{"allow":["GET"]}}],"collection":[{"href":"https:\/\/jms.com.bo\/mediamonitor\/wp-json\/wp\/v2\/posts"}],"about":[{"href":"https:\/\/jms.com.bo\/mediamonitor\/wp-json\/wp\/v2\/types\/post"}],"author":[{"embeddable":true,"href":"https:\/\/jms.com.bo\/mediamonitor\/wp-json\/wp\/v2\/users\/1"}],"replies":[{"embeddable":true,"href":"https:\/\/jms.com.bo\/mediamonitor\/wp-json\/wp\/v2\/comments?post=83634"}],"version-history":[{"count":0,"href":"https:\/\/jms.com.bo\/mediamonitor\/wp-json\/wp\/v2\/posts\/83634\/revisions"}],"wp:featuredmedia":[{"embeddable":true,"href":"https:\/\/jms.com.bo\/mediamonitor\/wp-json\/wp\/v2\/media\/83635"}],"wp:attachment":[{"href":"https:\/\/jms.com.bo\/mediamonitor\/wp-json\/wp\/v2\/media?parent=83634"}],"wp:term":[{"taxonomy":"category","embeddable":true,"href":"https:\/\/jms.com.bo\/mediamonitor\/wp-json\/wp\/v2\/categories?post=83634"},{"taxonomy":"post_tag","embeddable":true,"href":"https:\/\/jms.com.bo\/mediamonitor\/wp-json\/wp\/v2\/tags?post=83634"}],"curies":[{"name":"wp","href":"https:\/\/api.w.org\/{rel}","templated":true}]}}