{"id":83636,"date":"2026-01-19T07:49:15","date_gmt":"2026-01-19T11:49:15","guid":{"rendered":"https:\/\/mediamonitorbo.com.bo\/?p=16693"},"modified":"2026-01-19T07:49:15","modified_gmt":"2026-01-19T11:49:15","slug":"jubileo-advierte-brechas-que-frenan-el-liderazgo-politico-de-las-mujeres","status":"publish","type":"post","link":"https:\/\/jms.com.bo\/mediamonitor\/2026\/01\/19\/jubileo-advierte-brechas-que-frenan-el-liderazgo-politico-de-las-mujeres\/","title":{"rendered":"Jubileo advierte brechas que frenan el liderazgo pol\u00edtico de las mujeres"},"content":{"rendered":"<p style=\"text-align: justify\">La Misi\u00f3n de Observaci\u00f3n Electoral (MOE) de la Fundaci\u00f3n Jubileo present\u00f3 ante el Tribunal Supremo Electoral (TSE) un documento de propuestas ciudadanas orientadas a fortalecer la participaci\u00f3n pol\u00edtica de las mujeres, elaborado a partir de un proceso nacional de di\u00e1logo con organizaciones de mujeres de seis departamentos del pa\u00eds.<\/p>\n<p style=\"text-align: justify\">Luego de las Elecciones Generales de 2025, la MOE desarroll\u00f3 una gira nacional que incluy\u00f3 talleres y reuniones con organizaciones de mujeres, con el objetivo de recoger diagn\u00f3sticos, experiencias y propuestas sobre los principales obst\u00e1culos que enfrentan las mujeres para ejercer plenamente sus derechos pol\u00edticos. Este trabajo permiti\u00f3 identificar brechas persistentes entre el marco normativo vigente y las pr\u00e1cticas reales de las organizaciones pol\u00edticas, y la falta de un rol activo del Tribunal Supremo Electoral para lograr que se cumpla la norma y para trabajar en reformas y lineamientos que reglamenten claramente la paridad en cargos ejecutivos, en protocolos contra la violencia pol\u00edtica con enfoque preventivo y en el fortalecimiento de liderazgos, entre otras cosas.<\/p>\n<p style=\"text-align: justify\">Los resultados de este proceso fueron sistematizados en un documento de an\u00e1lisis y propuestas, entregado al TSE y puesto a disposici\u00f3n de la ciudadan\u00eda, que busca contribuir al fortalecimiento de la paridad y a una participaci\u00f3n pol\u00edtica efectiva de las mujeres, especialmente en el actual proceso electoral subnacional.<\/p>\n<p style=\"text-align: justify\">La presentaci\u00f3n de estas propuestas se da en un contexto preocupante. Pese a que la normativa electoral establece el principio de paridad del 50%, las mujeres representan, por ahora, apenas el 10% de las candidaturas en las listas habilitadas para las elecciones subnacionales, seg\u00fan un an\u00e1lisis realizado por la Defensor\u00eda del Pueblo.<\/p>\n<p style=\"text-align: justify\">De acuerdo con una revisi\u00f3n preliminar de la informaci\u00f3n oficial del TSE, las listas revelan que mientras la normativa electoral y constitucional exige la paridad y alternancia de g\u00e9nero en todas las listas, la participaci\u00f3n efectiva de mujeres sigue muy por debajo de lo que la norma se\u00f1ala -sobre todo para cargos ejecutivos-, a pesar de la existencia de un marco legal robusto para garantizar la igualdad de g\u00e9nero.<\/p>\n<p style=\"text-align: justify\">Esto evidencia que, m\u00e1s all\u00e1 de los avances normativos, persisten barreras estructurales dentro de las organizaciones pol\u00edticas que limitan el ejercicio efectivo de los derechos pol\u00edticos de las mujeres, debilitan la paridad sustantiva y afectan la calidad de la democracia.<\/p>\n","protected":false},"excerpt":{"rendered":"<p>La Misi\u00f3n de Observaci\u00f3n Electoral (MOE) de la Fundaci\u00f3n Jubileo present\u00f3 ante el Tribunal Supremo Electoral (TSE) un documento de propuestas ciudadanas orientadas a fortalecer la participaci\u00f3n pol\u00edtica de las mujeres, elaborado a partir de un proceso nacional de di\u00e1logo con organizaciones de mujeres de seis departamentos del pa\u00eds. Luego de las Elecciones Generales de [&hellip;]<\/p>\n","protected":false},"author":1,"featured_media":83637,"comment_status":"closed","ping_status":"open","sticky":false,"template":"","format":"standard","meta":{"footnotes":""},"categories":[18],"tags":[],"class_list":{"0":"post-83636","1":"post","2":"type-post","3":"status-publish","4":"format-standard","5":"has-post-thumbnail","7":"category-politica"},"_links":{"self":[{"href":"https:\/\/jms.com.bo\/mediamonitor\/wp-json\/wp\/v2\/posts\/83636","targetHints":{"allow":["GET"]}}],"collection":[{"href":"https:\/\/jms.com.bo\/mediamonitor\/wp-json\/wp\/v2\/posts"}],"about":[{"href":"https:\/\/jms.com.bo\/mediamonitor\/wp-json\/wp\/v2\/types\/post"}],"author":[{"embeddable":true,"href":"https:\/\/jms.com.bo\/mediamonitor\/wp-json\/wp\/v2\/users\/1"}],"replies":[{"embeddable":true,"href":"https:\/\/jms.com.bo\/mediamonitor\/wp-json\/wp\/v2\/comments?post=83636"}],"version-history":[{"count":0,"href":"https:\/\/jms.com.bo\/mediamonitor\/wp-json\/wp\/v2\/posts\/83636\/revisions"}],"wp:featuredmedia":[{"embeddable":true,"href":"https:\/\/jms.com.bo\/mediamonitor\/wp-json\/wp\/v2\/media\/83637"}],"wp:attachment":[{"href":"https:\/\/jms.com.bo\/mediamonitor\/wp-json\/wp\/v2\/media?parent=83636"}],"wp:term":[{"taxonomy":"category","embeddable":true,"href":"https:\/\/jms.com.bo\/mediamonitor\/wp-json\/wp\/v2\/categories?post=83636"},{"taxonomy":"post_tag","embeddable":true,"href":"https:\/\/jms.com.bo\/mediamonitor\/wp-json\/wp\/v2\/tags?post=83636"}],"curies":[{"name":"wp","href":"https:\/\/api.w.org\/{rel}","templated":true}]}}