{"id":83638,"date":"2026-01-19T07:51:47","date_gmt":"2026-01-19T11:51:47","guid":{"rendered":"https:\/\/mediamonitorbo.com.bo\/?p=16696"},"modified":"2026-01-19T07:51:47","modified_gmt":"2026-01-19T11:51:47","slug":"diputado-alarcon-propone-someter-a-referendum-la-ley-antibloqueos","status":"publish","type":"post","link":"https:\/\/jms.com.bo\/mediamonitor\/2026\/01\/19\/diputado-alarcon-propone-someter-a-referendum-la-ley-antibloqueos\/","title":{"rendered":"Diputado Alarc\u00f3n propone someter a refer\u00e9ndum la ley antibloqueos"},"content":{"rendered":"<p style=\"text-align: justify\">El diputado Carlos Alarc\u00f3n, de la alianza Unidad, plante\u00f3 que, en caso de que la Asamblea Legislativa Plurinacional sancione la ley antibloqueos, la norma sea sometida a un refer\u00e9ndum para que la poblaci\u00f3n decida si est\u00e1 de acuerdo con su promulgaci\u00f3n.<\/p>\n<p style=\"text-align: justify\">\u201cEsta ley antibloqueos (\u2026) se la puede someter a un refer\u00e9ndum para que el conjunto de todos los bolivianos defina si est\u00e1 de acuerdo (&#8230;) con que la promulgue el presidente del Estado\u201d.<\/p>\n<p style=\"text-align: justify\">Alarc\u00f3n, autor del proyecto de ley presentado a principios de enero, realiz\u00f3 estas declaraciones en un video difundido en su cuenta de Facebook, tras el rechazo expresado por distintos sectores, entre ellos la Central Obrera Boliviana (COB).<\/p>\n<p style=\"text-align: justify\">El proyecto de ley se encuentra actualmente en tratamiento en la Asamblea Legislativa Plurinacional.<\/p>\n<p style=\"text-align: justify\">Este s\u00e1bado, el vicepresidente, Edmand Lara, sostuvo que la normativa forma parte de una estrategia del Gobierno para gobernar mediante decretos y ejecutar un plan de persecuci\u00f3n contra quienes expresen posiciones cr\u00edticas.<\/p>\n<p style=\"text-align: justify\">Reacciones y contexto<\/p>\n<p style=\"text-align: justify\">Alarc\u00f3n se\u00f1al\u00f3 que, si en el refer\u00e9ndum se impone la opci\u00f3n de rechazo a la ley, impulsada \u2014seg\u00fan dijo\u2014 por una dirigencia sindical que recurre a la violencia de los bloqueos, la norma quedar\u00eda sin efecto.<\/p>\n<p style=\"text-align: justify\">Resalt\u00f3 que la norma responde \u201ca la necesidad, cansancio y hartazgo del pueblo de Bolivia que ya no quiere seguir siendo reh\u00e9n de estos matones (\u2026) Si la COB cumple sus amenazas como ultimo ratio tenemos el camino del refer\u00e9ndum\u201d, dijo Alarc\u00f3n.<\/p>\n<p style=\"text-align: justify\">La Central Obrera Boliviana impuls\u00f3 protestas y bloqueos contra el Decreto Supremo 5503, que, entre otros puntos, elimin\u00f3 la subvenci\u00f3n a los combustibles. En los \u00faltimos d\u00edas, la organizaci\u00f3n se declar\u00f3 en emergencia y advirti\u00f3 con retomar sus medidas de presi\u00f3n si el Gobierno promulga la ley que busca sancionar penalmente los bloqueos bajo el argumento de que generan da\u00f1o al pa\u00eds.<\/p>\n<p style=\"text-align: justify\">Hace unos d\u00edas, el ministro de la Presidencia, Jos\u00e9 Luis Lupo, afirm\u00f3 que se respaldar\u00e1 la medida.<\/p>\n<p style=\"text-align: justify\">El jueves pasado, tras participar en un acto en homenaje a los m\u00e1rtires de la calle Harrington, el presidente, Rodrigo Paz, record\u00f3 que las protestas est\u00e1n permitidas en la Constituci\u00f3n, aunque advirti\u00f3 que se sancionar\u00e1 con c\u00e1rcel a quienes utilicen dinamita durante las movilizaciones.<\/p>\n","protected":false},"excerpt":{"rendered":"<p>El diputado Carlos Alarc\u00f3n, de la alianza Unidad, plante\u00f3 que, en caso de que la Asamblea Legislativa Plurinacional sancione la ley antibloqueos, la norma sea sometida a un refer\u00e9ndum para que la poblaci\u00f3n decida si est\u00e1 de acuerdo con su promulgaci\u00f3n. \u201cEsta ley antibloqueos (\u2026) se la puede someter a un refer\u00e9ndum para que el [&hellip;]<\/p>\n","protected":false},"author":1,"featured_media":83639,"comment_status":"closed","ping_status":"open","sticky":false,"template":"","format":"standard","meta":{"footnotes":""},"categories":[18,48,46],"tags":[],"class_list":{"0":"post-83638","1":"post","2":"type-post","3":"status-publish","4":"format-standard","5":"has-post-thumbnail","7":"category-politica","8":"category-portada-general-sitio","9":"category-portada-politica"},"_links":{"self":[{"href":"https:\/\/jms.com.bo\/mediamonitor\/wp-json\/wp\/v2\/posts\/83638","targetHints":{"allow":["GET"]}}],"collection":[{"href":"https:\/\/jms.com.bo\/mediamonitor\/wp-json\/wp\/v2\/posts"}],"about":[{"href":"https:\/\/jms.com.bo\/mediamonitor\/wp-json\/wp\/v2\/types\/post"}],"author":[{"embeddable":true,"href":"https:\/\/jms.com.bo\/mediamonitor\/wp-json\/wp\/v2\/users\/1"}],"replies":[{"embeddable":true,"href":"https:\/\/jms.com.bo\/mediamonitor\/wp-json\/wp\/v2\/comments?post=83638"}],"version-history":[{"count":0,"href":"https:\/\/jms.com.bo\/mediamonitor\/wp-json\/wp\/v2\/posts\/83638\/revisions"}],"wp:featuredmedia":[{"embeddable":true,"href":"https:\/\/jms.com.bo\/mediamonitor\/wp-json\/wp\/v2\/media\/83639"}],"wp:attachment":[{"href":"https:\/\/jms.com.bo\/mediamonitor\/wp-json\/wp\/v2\/media?parent=83638"}],"wp:term":[{"taxonomy":"category","embeddable":true,"href":"https:\/\/jms.com.bo\/mediamonitor\/wp-json\/wp\/v2\/categories?post=83638"},{"taxonomy":"post_tag","embeddable":true,"href":"https:\/\/jms.com.bo\/mediamonitor\/wp-json\/wp\/v2\/tags?post=83638"}],"curies":[{"name":"wp","href":"https:\/\/api.w.org\/{rel}","templated":true}]}}