{"id":83640,"date":"2026-01-19T07:53:59","date_gmt":"2026-01-19T11:53:59","guid":{"rendered":"https:\/\/mediamonitorbo.com.bo\/?p=16699"},"modified":"2026-01-19T07:53:59","modified_gmt":"2026-01-19T11:53:59","slug":"espinoza-parte-al-foro-economico-en-suiza-para-poner-a-bolivia-en-el-mundo","status":"publish","type":"post","link":"https:\/\/jms.com.bo\/mediamonitor\/2026\/01\/19\/espinoza-parte-al-foro-economico-en-suiza-para-poner-a-bolivia-en-el-mundo\/","title":{"rendered":"Espinoza parte al Foro Econ\u00f3mico en Suiza para \u2018poner a Bolivia en el mundo\u2019"},"content":{"rendered":"<p style=\"text-align: justify\">En representaci\u00f3n de Bolivia, el ministro de Econom\u00eda, Gabriel Espinoza, parti\u00f3 este domingo a Davos, Suiza, para participar del Foro Econ\u00f3mico Mundial, con el objetivo de posicionar a Bolivia ante los principales inversionistas del sector privado.<\/p>\n<p style=\"text-align: justify\">\u201cEs el principal foro econ\u00f3mico del sector privado del mundo, donde se re\u00fanen los principales inversionistas y discuten el futuro de la econom\u00eda mundial. Ah\u00ed vamos, representando a Bolivia, a hablar de Bolivia, a poner a Bolivia en el mundo. Se vienen tiempos mejores y estamos cada vez m\u00e1s cerca de eso\u201d, afirm\u00f3 en un video en sus redes sociales.<\/p>\n<p style=\"text-align: justify\">El Ministerio de Econom\u00eda destac\u00f3 la importancia del evento, el cual se realizar\u00e1 hasta el 24 de este mes, debido a que el foro es calificado como el m\u00e1s \u201crelevante a nivel global\u201d.<\/p>\n<p style=\"text-align: justify\">Foro<\/p>\n<p style=\"text-align: justify\">\u201cEn este espacio, que congrega a los principales inversionistas internacionales para debatir el futuro de la econom\u00eda mundial, la autoridad representar\u00e1 al pa\u00eds con el objetivo de posicionar el potencial boliviano en el mapa financiero global y atraer nuevas oportunidades que impulsen el crecimiento nacional\u201d, se lee en una publicaci\u00f3n de esa cartera de Estado.<\/p>\n<p style=\"text-align: justify\">Espinoza estar\u00e1 acompa\u00f1ado del canciller Fernando Aramayo, quien tambi\u00e9n estuvo el s\u00e1bado en Asunci\u00f3n, Paraguay, en la firma del Acuerdo de Asociaci\u00f3n entre el Mercado Com\u00fan de Sur (Mercosur) y la Uni\u00f3n Europea.<\/p>\n<p style=\"text-align: justify\">Inicialmente, estaba confirmada la presencia del presidente Rodrigo Paz Pereira. Sin embargo, el mandatario cancel\u00f3 el viaje debido a que considera que hay que \u201cconsolidar\u201d los primeros pasos y acciones que impulsa su gesti\u00f3n, por lo que decidi\u00f3 quedarse en territorio nacional para atender algunas demandas sectoriales.<\/p>\n<p style=\"text-align: justify\">\u201cCon esta participaci\u00f3n, el Gobierno Nacional, reafirma su compromiso de trabajar por mejores condiciones econ\u00f3micas para todos los bolivianos\u201d, afirm\u00f3 el Ministerio de Econom\u00eda.<\/p>\n<p style=\"text-align: justify\">Hace un par de semanas, el canciller Aramay\u00f3 asegur\u00f3 que el pa\u00eds intentar\u00eda mostrar en el foro que ahora hay un nuevo modelo econ\u00f3mico, abierto a inversiones y a la cooperaci\u00f3n extranjera para lograr el desarrollo.<\/p>\n","protected":false},"excerpt":{"rendered":"<p>En representaci\u00f3n de Bolivia, el ministro de Econom\u00eda, Gabriel Espinoza, parti\u00f3 este domingo a Davos, Suiza, para participar del Foro Econ\u00f3mico Mundial, con el objetivo de posicionar a Bolivia ante los principales inversionistas del sector privado. \u201cEs el principal foro econ\u00f3mico del sector privado del mundo, donde se re\u00fanen los principales inversionistas y discuten el [&hellip;]<\/p>\n","protected":false},"author":1,"featured_media":83641,"comment_status":"closed","ping_status":"open","sticky":false,"template":"","format":"standard","meta":{"footnotes":""},"categories":[25],"tags":[],"class_list":{"0":"post-83640","1":"post","2":"type-post","3":"status-publish","4":"format-standard","5":"has-post-thumbnail","7":"category-economia"},"_links":{"self":[{"href":"https:\/\/jms.com.bo\/mediamonitor\/wp-json\/wp\/v2\/posts\/83640","targetHints":{"allow":["GET"]}}],"collection":[{"href":"https:\/\/jms.com.bo\/mediamonitor\/wp-json\/wp\/v2\/posts"}],"about":[{"href":"https:\/\/jms.com.bo\/mediamonitor\/wp-json\/wp\/v2\/types\/post"}],"author":[{"embeddable":true,"href":"https:\/\/jms.com.bo\/mediamonitor\/wp-json\/wp\/v2\/users\/1"}],"replies":[{"embeddable":true,"href":"https:\/\/jms.com.bo\/mediamonitor\/wp-json\/wp\/v2\/comments?post=83640"}],"version-history":[{"count":0,"href":"https:\/\/jms.com.bo\/mediamonitor\/wp-json\/wp\/v2\/posts\/83640\/revisions"}],"wp:featuredmedia":[{"embeddable":true,"href":"https:\/\/jms.com.bo\/mediamonitor\/wp-json\/wp\/v2\/media\/83641"}],"wp:attachment":[{"href":"https:\/\/jms.com.bo\/mediamonitor\/wp-json\/wp\/v2\/media?parent=83640"}],"wp:term":[{"taxonomy":"category","embeddable":true,"href":"https:\/\/jms.com.bo\/mediamonitor\/wp-json\/wp\/v2\/categories?post=83640"},{"taxonomy":"post_tag","embeddable":true,"href":"https:\/\/jms.com.bo\/mediamonitor\/wp-json\/wp\/v2\/tags?post=83640"}],"curies":[{"name":"wp","href":"https:\/\/api.w.org\/{rel}","templated":true}]}}