{"id":83642,"date":"2026-01-19T07:55:14","date_gmt":"2026-01-19T11:55:14","guid":{"rendered":"https:\/\/mediamonitorbo.com.bo\/?p=16702"},"modified":"2026-01-19T07:55:14","modified_gmt":"2026-01-19T11:55:14","slug":"ministro-espinoza-resalta-que-fitch-ratings-subio-la-calificacion-de-bolivia-de-ccc-a-ccc","status":"publish","type":"post","link":"https:\/\/jms.com.bo\/mediamonitor\/2026\/01\/19\/ministro-espinoza-resalta-que-fitch-ratings-subio-la-calificacion-de-bolivia-de-ccc-a-ccc\/","title":{"rendered":"Ministro Espinoza resalta que Fitch Ratings subi\u00f3 la calificaci\u00f3n de Bolivia de \u201cCCC-\u201c a \u201cCCC\u201d"},"content":{"rendered":"<p style=\"text-align: justify\">La agencia Fitch Ratings subi\u00f3 la calificaci\u00f3n de Bolivia de \u201cCCC-\u201c a \u201cCCC\u201d, destac\u00f3 este viernes el ministro de Econom\u00eda, Jos\u00e9 Gabriel Espinoza y resalt\u00f3 que eso se debe a las acciones que han realizado para mejorar una econom\u00eda que estaba en terapia intensiva cuando asumieron el gobierno, el pasado 8 de noviembre.<\/p>\n<p style=\"text-align: justify\">\u201cHoy los resultados comienzan a reflejarse: mayor confianza, respaldo internacional y se\u00f1ales de estabilizaci\u00f3n\u201d, destac\u00f3 el ministro en un comentario en sus redes sociales.<\/p>\n<p style=\"text-align: justify\">Enfatiz\u00f3 que la recuperaci\u00f3n de Bolivia no se hace con discursos, sino con trabajo, responsabilidad y visi\u00f3n de futuro. Destac\u00f3 tambi\u00e9n que el gobierno ha tomado decisiones m\u00e1s all\u00e1 de la coyuntura y empez\u00f3 a ordenar el camino con un plan claro.<\/p>\n<p style=\"text-align: justify\">En enero del 2025, cuando Fitch Ratings rebaj\u00f3 la calificaci\u00f3n de Bolivia a \u201cCCC-\u201c, advirti\u00f3 entonces que el pa\u00eds estaba al borde del default, es decir la imposibilidad de seguir cumpliendo sus compromisos con el pago de la deuda externa.<\/p>\n<p style=\"text-align: justify\">La tendencia en los \u00faltimos a\u00f1os de la gesti\u00f3n de Luis Arce fue que las grandes agencias calificadoras, Fitch Ratings, Moodys y Standard And Poors (SyP)<\/p>\n<p style=\"text-align: justify\">realizaron sucesivas rebajas de las calificaciones.<\/p>\n<p style=\"text-align: justify\">Ahora por primera vez en mucho tiempos se da una mejora y resta saber si las otras agencias seguir\u00e1n a Fitch Ratings y mejorar\u00e1n sus perspectivas sobre Bolivia. En poco m\u00e1s de dos meses, el gobierno de Rodrigo Paz ha recibido adem\u00e1s un fuerte espaldarazo de organismos internacionales como el Banco de Desarrollo CAF y el Banco Interamericano de Desarrollo (BID), que han aprobado paquetes de ayuda de $us 3.100 millones y $us 4.500 millones respectivamente.<\/p>\n<p style=\"text-align: justify\">En el \u00e1mbito macroecon\u00f3mica ha mejorado la disponibilidad de reservas en divisas, de poco m\u00e1s de $us 50 millones a $us 460 millones. Espinoza calcula adem\u00e1s que la inflaci\u00f3n ser\u00e1 este a\u00f1o la mitad del 20,4 % registrado en el 2025.<\/p>\n","protected":false},"excerpt":{"rendered":"<p>La agencia Fitch Ratings subi\u00f3 la calificaci\u00f3n de Bolivia de \u201cCCC-\u201c a \u201cCCC\u201d, destac\u00f3 este viernes el ministro de Econom\u00eda, Jos\u00e9 Gabriel Espinoza y resalt\u00f3 que eso se debe a las acciones que han realizado para mejorar una econom\u00eda que estaba en terapia intensiva cuando asumieron el gobierno, el pasado 8 de noviembre. \u201cHoy los [&hellip;]<\/p>\n","protected":false},"author":1,"featured_media":83643,"comment_status":"closed","ping_status":"open","sticky":false,"template":"","format":"standard","meta":{"footnotes":""},"categories":[25],"tags":[],"class_list":{"0":"post-83642","1":"post","2":"type-post","3":"status-publish","4":"format-standard","5":"has-post-thumbnail","7":"category-economia"},"_links":{"self":[{"href":"https:\/\/jms.com.bo\/mediamonitor\/wp-json\/wp\/v2\/posts\/83642","targetHints":{"allow":["GET"]}}],"collection":[{"href":"https:\/\/jms.com.bo\/mediamonitor\/wp-json\/wp\/v2\/posts"}],"about":[{"href":"https:\/\/jms.com.bo\/mediamonitor\/wp-json\/wp\/v2\/types\/post"}],"author":[{"embeddable":true,"href":"https:\/\/jms.com.bo\/mediamonitor\/wp-json\/wp\/v2\/users\/1"}],"replies":[{"embeddable":true,"href":"https:\/\/jms.com.bo\/mediamonitor\/wp-json\/wp\/v2\/comments?post=83642"}],"version-history":[{"count":0,"href":"https:\/\/jms.com.bo\/mediamonitor\/wp-json\/wp\/v2\/posts\/83642\/revisions"}],"wp:featuredmedia":[{"embeddable":true,"href":"https:\/\/jms.com.bo\/mediamonitor\/wp-json\/wp\/v2\/media\/83643"}],"wp:attachment":[{"href":"https:\/\/jms.com.bo\/mediamonitor\/wp-json\/wp\/v2\/media?parent=83642"}],"wp:term":[{"taxonomy":"category","embeddable":true,"href":"https:\/\/jms.com.bo\/mediamonitor\/wp-json\/wp\/v2\/categories?post=83642"},{"taxonomy":"post_tag","embeddable":true,"href":"https:\/\/jms.com.bo\/mediamonitor\/wp-json\/wp\/v2\/tags?post=83642"}],"curies":[{"name":"wp","href":"https:\/\/api.w.org\/{rel}","templated":true}]}}