{"id":83644,"date":"2026-01-19T07:56:43","date_gmt":"2026-01-19T11:56:43","guid":{"rendered":"https:\/\/mediamonitorbo.com.bo\/?p=16705"},"modified":"2026-01-19T07:56:43","modified_gmt":"2026-01-19T11:56:43","slug":"paz-promete-hacer-esfuerzos-para-que-bolivia-sea-miembro-pleno-de-mercosur","status":"publish","type":"post","link":"https:\/\/jms.com.bo\/mediamonitor\/2026\/01\/19\/paz-promete-hacer-esfuerzos-para-que-bolivia-sea-miembro-pleno-de-mercosur\/","title":{"rendered":"Paz promete hacer esfuerzos para que Bolivia sea miembro pleno de Mercosur"},"content":{"rendered":"<p style=\"text-align: justify\">El presidente del Estado, Rodrigo Paz Pereira, viaj\u00f3 ayer a Asunci\u00f3n (Paraguay), en calidad de invitado, por la firma del acuerdo de libre comercio entre el Mercosur y la Uni\u00f3n Europea. El viaje, que no fue anticipado, dio lugar a que el Primer Mandatario anuncie su determinaci\u00f3n de que el pa\u00eds construya oportunidades para un mejor desarrollo econ\u00f3mico.<\/p>\n<p style=\"text-align: justify\">\u201cEl Mercosur no debe ver a Bolivia como una carga, sino como un aliado\u201d, afirm\u00f3 el presidente, al ratificar que su administraci\u00f3n har\u00e1 todos los esfuerzos para que el pa\u00eds se incorpore en plenitud al bloque regional y participe activamente del acuerdo con la Uni\u00f3n Europea, que dar\u00e1 origen a una de las mayores zonas de libre comercio del planeta.<\/p>\n<p style=\"text-align: justify\">Nueva Bolivia<\/p>\n<p style=\"text-align: justify\">\u201cBolivia vuelve al mundo con estabilidad, con confianza, la verdad y una firme vocaci\u00f3n productiva. Hoy, en la Ceremonia de Firma del Acuerdo Mercosur &#8211; Uni\u00f3n Europea en Paraguay, reafirmamos que nuestra prioridad es una integraci\u00f3n estrat\u00e9gica que se traduzca en resultados concretos: empleo, inversi\u00f3n y desarrollo real para nuestra gente\u201d, escribi\u00f3 Paz Pereira en su cuenta de X.<\/p>\n<p style=\"text-align: justify\">Ya desde la sede del encuentro presidencial, Paz Pereira dijo que Bolivia puso fin a dos d\u00e9cadas de aislamiento pol\u00edtico y econ\u00f3mico y retoma un rol activo en la integraci\u00f3n regional<\/p>\n<p style=\"text-align: justify\">Record\u00f3 que Bolivia estuvo vinculada desde el origen a la l\u00f3gica integradora del Mercosur, especialmente a trav\u00e9s de la hidrov\u00eda Paraguay-Paran\u00e1 y la Cuenca del Plata, pero qued\u00f3 al margen de las decisiones estrat\u00e9gicas.<\/p>\n<p style=\"text-align: justify\">\u201cNo fuimos parte de la constituci\u00f3n inicial del Mercosur cuando \u00e9ramos la sangre misma del entendimiento\u201d, afirm\u00f3<\/p>\n<p style=\"text-align: justify\">Paz fue especialmente cr\u00edtico con el desempe\u00f1o econ\u00f3mico de las \u00faltimas dos d\u00e9cadas y cit\u00f3 cifras de inversi\u00f3n extranjera directa como evidencia del fracaso del modelo socialista. Se\u00f1al\u00f3 que en 2024 Bolivia no super\u00f3 los 240 millones de d\u00f3lares en inversi\u00f3n externa y que en 2025 esa cifra cay\u00f3 a 140 millones, resultado -dijo- de una visi\u00f3n ideologizada que aisl\u00f3 al pa\u00eds y fren\u00f3 su crecimiento.<\/p>\n<p style=\"text-align: justify\">En contraste, sostuvo que su gobierno, que cumple poco m\u00e1s de dos meses, ya tom\u00f3 decisiones \u201cdif\u00edciles pero necesarias\u201d, como la eliminaci\u00f3n de las subvenciones a los hidrocarburos vigentes desde los a\u00f1os 70, y asegur\u00f3 que la econom\u00eda empieza a estabilizarse pese a las \u201cturbulencias\u201d y a la resistencia de viejas estructuras pol\u00edticas.<\/p>\n<p style=\"text-align: justify\">Paz cerr\u00f3 su intervenci\u00f3n con un mensaje de reconciliaci\u00f3n regional y de futuro compartido.<\/p>\n<p style=\"text-align: justify\">No hubo sucesi\u00f3n en primer viaje de paz<\/p>\n<p style=\"text-align: justify\">El presidente Rodrigo Paz viaj\u00f3 ayer a Paraguay , pero no entreg\u00f3 el bast\u00f3n de mando al vicepresidente, Edmand Lara, antes de su viaje, al amparo del Decreto Supremo 5515 que le permite ejercer el gobierno tambi\u00e9n desde el exterior.<\/p>\n<p style=\"text-align: justify\">El decreto gener\u00f3 pol\u00e9mica, ya que la tradici\u00f3n pol\u00edtica se\u00f1ala que, durante la ausencia del presidente, el bast\u00f3n de mando debe ser entregado al vicepresidente. No obstante, el decreto establece que \u201causencia\u201d no equivale necesariamente a un viaje y que, conforme a la Constituci\u00f3n, el presidente no pierde sus atribuciones al salir del territorio.<\/p>\n","protected":false},"excerpt":{"rendered":"<p>El presidente del Estado, Rodrigo Paz Pereira, viaj\u00f3 ayer a Asunci\u00f3n (Paraguay), en calidad de invitado, por la firma del acuerdo de libre comercio entre el Mercosur y la Uni\u00f3n Europea. El viaje, que no fue anticipado, dio lugar a que el Primer Mandatario anuncie su determinaci\u00f3n de que el pa\u00eds construya oportunidades para un [&hellip;]<\/p>\n","protected":false},"author":1,"featured_media":83645,"comment_status":"closed","ping_status":"open","sticky":false,"template":"","format":"standard","meta":{"footnotes":""},"categories":[25],"tags":[],"class_list":{"0":"post-83644","1":"post","2":"type-post","3":"status-publish","4":"format-standard","5":"has-post-thumbnail","7":"category-economia"},"_links":{"self":[{"href":"https:\/\/jms.com.bo\/mediamonitor\/wp-json\/wp\/v2\/posts\/83644","targetHints":{"allow":["GET"]}}],"collection":[{"href":"https:\/\/jms.com.bo\/mediamonitor\/wp-json\/wp\/v2\/posts"}],"about":[{"href":"https:\/\/jms.com.bo\/mediamonitor\/wp-json\/wp\/v2\/types\/post"}],"author":[{"embeddable":true,"href":"https:\/\/jms.com.bo\/mediamonitor\/wp-json\/wp\/v2\/users\/1"}],"replies":[{"embeddable":true,"href":"https:\/\/jms.com.bo\/mediamonitor\/wp-json\/wp\/v2\/comments?post=83644"}],"version-history":[{"count":0,"href":"https:\/\/jms.com.bo\/mediamonitor\/wp-json\/wp\/v2\/posts\/83644\/revisions"}],"wp:featuredmedia":[{"embeddable":true,"href":"https:\/\/jms.com.bo\/mediamonitor\/wp-json\/wp\/v2\/media\/83645"}],"wp:attachment":[{"href":"https:\/\/jms.com.bo\/mediamonitor\/wp-json\/wp\/v2\/media?parent=83644"}],"wp:term":[{"taxonomy":"category","embeddable":true,"href":"https:\/\/jms.com.bo\/mediamonitor\/wp-json\/wp\/v2\/categories?post=83644"},{"taxonomy":"post_tag","embeddable":true,"href":"https:\/\/jms.com.bo\/mediamonitor\/wp-json\/wp\/v2\/tags?post=83644"}],"curies":[{"name":"wp","href":"https:\/\/api.w.org\/{rel}","templated":true}]}}