{"id":83650,"date":"2026-01-19T08:02:57","date_gmt":"2026-01-19T12:02:57","guid":{"rendered":"https:\/\/mediamonitorbo.com.bo\/?p=16715"},"modified":"2026-01-19T08:02:57","modified_gmt":"2026-01-19T12:02:57","slug":"nueva-ley-de-electricidad-debe-impulsar-a-energias-renovables","status":"publish","type":"post","link":"https:\/\/jms.com.bo\/mediamonitor\/2026\/01\/19\/nueva-ley-de-electricidad-debe-impulsar-a-energias-renovables\/","title":{"rendered":"Nueva Ley de Electricidad debe impulsar a energ\u00edas renovables"},"content":{"rendered":"<p style=\"text-align: justify\">El sector el\u00e9ctrico espera la disminuci\u00f3n de la subvenci\u00f3n al gas natural y la ejecuci\u00f3n de otras medidas para que las energ\u00edas alternativas renovables tengan la oportunidad de crecer y competir con la termoelectricidad que es actualmente predominante en el pa\u00eds, seg\u00fan el Presidente de la C\u00e1mara Boliviana de Electricidad (CBE) y ex Ministro de Energ\u00eda, \u00c1ngel Zannier Claros.<\/p>\n<p style=\"text-align: justify\">Ese punto importante, deber\u00eda ser parte de la nueva Ley de Electricidad que tendr\u00eda que estar listo hasta el mes de marzo de este a\u00f1o, de acuerdo anuncios gubernamentales respecto a la elaboraci\u00f3n de cuatro normas energ\u00e9ticas.<\/p>\n<p style=\"text-align: justify\">Zannier inform\u00f3 que la CBE visit\u00f3 al Ministro de Hidrocarburos y Energ\u00eda, Mauricio Medinaceli, para lograr informaci\u00f3n sobre la elaboraci\u00f3n de la nueva Ley de Electricidad, oportunidad en la se conoci\u00f3 que se mantendr\u00e1 el sistema de remuneraci\u00f3n vigente y que tambi\u00e9n se incorporar\u00e1 a las energ\u00edas solar y e\u00f3lica.<\/p>\n<p style=\"text-align: justify\">Tambi\u00e9n se enter\u00f3 que el gobierno analiza mecanismos de alicientes en los contratos entre generadores y distribuidores para tener mayor predictibilidad en acuerdos a largo plazo.<\/p>\n<p style=\"text-align: justify\">Respecto al precio del gas para la generaci\u00f3n el\u00e9ctrica, Zannier record\u00f3 que actualmente es de 1,30 por millar de pies c\u00fabicos, valor que paraliza las inversiones de las empresas dedicadas a la energ\u00eda solar, h\u00eddrica, e\u00f3lica y geot\u00e9rmica.<\/p>\n<p style=\"text-align: justify\">Un precio ideal para incentivar a las energ\u00edas renovables ser\u00eda de 4 d\u00f3lares por millar de pies c\u00fabicos; pero tomando en cuenta normas de exportaci\u00f3n no ser\u00eda posible debido a que el precio actual de exportaci\u00f3n es de 6,50 por millar de pies c\u00fabicos, por lo que a lo m\u00e1ximo que se podr\u00eda llegar en el mercado interno para el gas natural para generaci\u00f3n es de 3,25; sin embargo estos valores deben ser definidos por los hacedores de pol\u00edtica energ\u00e9tica y econ\u00f3mica para evitar impactos fuertes en la inflaci\u00f3n, explic\u00f3 el ex ministro.<\/p>\n<p style=\"text-align: justify\">Zannier comparti\u00f3 con el parecer del ministro Medinaceli en la diversificaci\u00f3n energ\u00e9tica, lo que supone el est\u00edmulo a otras energ\u00edas adem\u00e1s de la generada por gas natural. Sin embargo, dijo que no se puede esperar mucho tiempo para tomar las decisiones, pues se prev\u00e9 que en el a\u00f1o 2028 se cruzar\u00e1n las curvas de oferta y demanda de gas en el mercado interno y si esto ocurre el pa\u00eds se ver\u00e1 obligado a importar ese energ\u00e9tico a precios que van desde 4 d\u00f3lares por millar de pies c\u00fabicos hasta 15 d\u00f3lares, si se compra GNL.<\/p>\n<p style=\"text-align: justify\">Consultado sobre el levantamiento de la subvenci\u00f3n a la gasolina y el di\u00e9sel, Zannier apoyo la medida al igual que la estabilizaci\u00f3n de d\u00f3lar que va dando certidumbre al pa\u00eds, aunque el momento tambi\u00e9n hubiera sido propicio para disminuir la subvenci\u00f3n al gas natural destinado a la generaci\u00f3n el\u00e9ctrica.<\/p>\n","protected":false},"excerpt":{"rendered":"<p>El sector el\u00e9ctrico espera la disminuci\u00f3n de la subvenci\u00f3n al gas natural y la ejecuci\u00f3n de otras medidas para que las energ\u00edas alternativas renovables tengan la oportunidad de crecer y competir con la termoelectricidad que es actualmente predominante en el pa\u00eds, seg\u00fan el Presidente de la C\u00e1mara Boliviana de Electricidad (CBE) y ex Ministro de [&hellip;]<\/p>\n","protected":false},"author":1,"featured_media":83651,"comment_status":"closed","ping_status":"open","sticky":false,"template":"","format":"standard","meta":{"footnotes":""},"categories":[39,44,48],"tags":[],"class_list":{"0":"post-83650","1":"post","2":"type-post","3":"status-publish","4":"format-standard","5":"has-post-thumbnail","7":"category-energia","8":"category-portada-energia","9":"category-portada-general-sitio"},"_links":{"self":[{"href":"https:\/\/jms.com.bo\/mediamonitor\/wp-json\/wp\/v2\/posts\/83650","targetHints":{"allow":["GET"]}}],"collection":[{"href":"https:\/\/jms.com.bo\/mediamonitor\/wp-json\/wp\/v2\/posts"}],"about":[{"href":"https:\/\/jms.com.bo\/mediamonitor\/wp-json\/wp\/v2\/types\/post"}],"author":[{"embeddable":true,"href":"https:\/\/jms.com.bo\/mediamonitor\/wp-json\/wp\/v2\/users\/1"}],"replies":[{"embeddable":true,"href":"https:\/\/jms.com.bo\/mediamonitor\/wp-json\/wp\/v2\/comments?post=83650"}],"version-history":[{"count":0,"href":"https:\/\/jms.com.bo\/mediamonitor\/wp-json\/wp\/v2\/posts\/83650\/revisions"}],"wp:featuredmedia":[{"embeddable":true,"href":"https:\/\/jms.com.bo\/mediamonitor\/wp-json\/wp\/v2\/media\/83651"}],"wp:attachment":[{"href":"https:\/\/jms.com.bo\/mediamonitor\/wp-json\/wp\/v2\/media?parent=83650"}],"wp:term":[{"taxonomy":"category","embeddable":true,"href":"https:\/\/jms.com.bo\/mediamonitor\/wp-json\/wp\/v2\/categories?post=83650"},{"taxonomy":"post_tag","embeddable":true,"href":"https:\/\/jms.com.bo\/mediamonitor\/wp-json\/wp\/v2\/tags?post=83650"}],"curies":[{"name":"wp","href":"https:\/\/api.w.org\/{rel}","templated":true}]}}