{"id":83666,"date":"2026-01-21T07:08:57","date_gmt":"2026-01-21T11:08:57","guid":{"rendered":"https:\/\/mediamonitorbo.com.bo\/?p=16807"},"modified":"2026-01-21T07:08:57","modified_gmt":"2026-01-21T11:08:57","slug":"el-drama-en-los-hospitales-paros-prolongan-la-agonia-por-los-tratamientos","status":"publish","type":"post","link":"https:\/\/jms.com.bo\/mediamonitor\/2026\/01\/21\/el-drama-en-los-hospitales-paros-prolongan-la-agonia-por-los-tratamientos\/","title":{"rendered":"El drama en los hospitales: \u201cParos prolongan la agon\u00eda por los tratamientos\u201d"},"content":{"rendered":"<p style=\"text-align: justify\">El bolsillo vac\u00edo y la necesidad hacen que el dolor se transforme en agon\u00eda en las puertas y pasillos de los hospitales p\u00fablicos. Mientras los paros en el sistema de salud se prolongan, miles de pacientes siguen atrapados en una espera que, en muchos casos, puede costarles la vida. Hay pacientes que llevan meses aguardando atenci\u00f3n y que ni siquiera han logrado tener su primera consulta debido a las medidas de presi\u00f3n, que desde el a\u00f1o pasado han dejado casi 100 d\u00edas sin atenci\u00f3n a los pacientes del sistema p\u00fablico.<\/p>\n<p style=\"text-align: justify\">Solo en los \u00faltimos ocho d\u00edas de paro, unos 12.000 pacientes se quedaron sin atenci\u00f3n en consulta externa en los cinco hospitales de tercer nivel. Entre los m\u00e1s perjudicados est\u00e1n los enfermos oncol\u00f3gicos nuevos, que no pueden iniciar un tratamiento porque no logran acceder a la consulta m\u00e9dica, la puerta de entrada para recibir atenci\u00f3n especializada y tratamiento.<\/p>\n<p style=\"text-align: justify\">Para ellos, un d\u00eda de paro es un d\u00eda menos para salvar la vida, porque cada minuto cuenta para frenar la enfermedad o permitir que avance.<\/p>\n<p style=\"text-align: justify\">Este es el caso de Romelio A., paciente con c\u00e1ncer de ri\u00f1\u00f3n. Fue operado hace cinco meses y, desde entonces, no logra una consulta con el onc\u00f3logo para iniciar su tratamiento de quimioterapia o cualquier otro procedimiento que el m\u00e9dico indique.<\/p>\n<p style=\"text-align: justify\">Cuenta que, en noviembre program\u00f3 una ficha para el 13 de enero, pero cuando lleg\u00f3 el d\u00eda, estaban en paro. Ahora debe esperar hasta el 13 de febrero.<\/p>\n<p style=\"text-align: justify\">\u201cLa \u00faltima vez los m\u00e9dicos estaban atendiendo, pero el personal de archivo no, porque los trabajadores de salud estaban en paro. Como soy paciente nuevo, no hab\u00eda quien haga la historia cl\u00ednica. \u2018Ustedes me van a terminar matando\u2019, les dije ese d\u00eda, molesto\u201d, relat\u00f3.<\/p>\n<p style=\"text-align: justify\">Cuenta que el 31 de julio le extirparon el ri\u00f1\u00f3n derecho y deb\u00eda iniciar su tratamiento de inmediato. Tiene todos los ex\u00e1menes y laboratorios listos, pero sigue sin poder comenzar. Antes del diagn\u00f3stico trabajaba en la construcci\u00f3n, pero ahora no puede hacerlo porque pasa sus d\u00edas entre hospitales. Es padre de cuatro hijos.<\/p>\n<p style=\"text-align: justify\">Dormir en el hospital<\/p>\n<p style=\"text-align: justify\">En el mismo centro, sentada en una banca, con el cansancio marcado en el rostro, estaba Ana Castro. Madrug\u00f3 este martes desde Montero, pero tampoco logr\u00f3 ser atendida. Resignada, decidi\u00f3 quedarse en el hospital para intentar nuevamente hoy una consulta con la mast\u00f3loga.<\/p>\n<p style=\"text-align: justify\">Tiene un tumor que comenz\u00f3 como una peque\u00f1a bolita en el seno derecho. La acompa\u00f1aba su hija y apenas lograron reunir dinero para el pasaje, por lo que optaron por pasar la noche en el hospital. Una paciente que escuchaba su historia se acerc\u00f3 para darle \u00e1nimo. Le dijo que el c\u00e1ncer es una lucha larga, pero que puede vencerse. Ella lleva 13 a\u00f1os en tratamiento y est\u00e1 a punto de superarlo.<\/p>\n<p style=\"text-align: justify\">Un poco m\u00e1s all\u00e1, sobre el piso y con la cabeza apoyada en la puerta de ingreso, estaba Cristina, de 57 a\u00f1os. Esperaba a que el dolor le pase para poder tomar un micro de regreso a su casa, en Sat\u00e9lite Norte. \u201cYa me han hecho quimioterapia, radioterapia y braquiterapia, pero sigo con dolor\u201d, dijo con la voz d\u00e9bil. Le acababan de hacer una biopsia. \u201cPor suerte me atendieron, muchos vuelven a casa sin que el m\u00e9dico los vea\u201d, agreg\u00f3.<\/p>\n<p style=\"text-align: justify\">Los pacientes aseguran que, durante los paros, en el Oncol\u00f3gico los tratamientos programados como quimioterapia, radioterapia, braquiterapia y tomograf\u00edas suelen mantenerse. Sin embargo, las consultas externas se suspenden, incluso cuando la medida es del personal administrativo, porque no se pueden tramitar historias cl\u00ednicas. Esto retrasa diagn\u00f3sticos y el inicio de tratamientos.<\/p>\n<p style=\"text-align: justify\">\u00bfQui\u00e9n defiende al paciente?<\/p>\n<p style=\"text-align: justify\">Los pacientes aseguran que continuos paros en el sistema p\u00fablico han dejado 97 d\u00edas sin atenci\u00f3n a los hospitales, desde el 1 de enero de 2025 hasta este mi\u00e9rcoles.<\/p>\n<p style=\"text-align: justify\">\u201cLo grave es que tampoco consiguen nada parando. Deben entender que los paros no funcionan y que los \u00fanicos perjudicados somos los pacientes. Al final, ellos reciben su sueldo igual\u201d, dice la presidenta de la Asociaci\u00f3n de Pacientes con C\u00e1ncer y Voluntarios, Lihetzer Zenteno.<\/p>\n<p style=\"text-align: justify\">De acuerdo con Zenteno, la afectaci\u00f3n va mucho m\u00e1s all\u00e1 de perder una ficha. Asegur\u00f3 que hay pacientes que fallecen mientras esperan una programaci\u00f3n o reprogramaci\u00f3n, e incluso algunos que nunca llegan a iniciar su tratamiento. \u201cLos paros prolongan la agon\u00eda por un tratamiento. Una historia es m\u00e1s triste que otra\u201d, lament\u00f3.<\/p>\n<p style=\"text-align: justify\">Explic\u00f3 que cuando un paciente pierde un turno debe comenzar todo el proceso desde cero, lo que agrava el cuello de botella del sistema. \u201cEsa persona ya esper\u00f3 15 d\u00edas por una ficha. Ahora tendr\u00e1 que aguardar un mes m\u00e1s\u201d, se\u00f1al\u00f3.<\/p>\n<p style=\"text-align: justify\">Para muchos enfermos, el sistema p\u00fablico es la \u00fanica alternativa porque no tienen recursos para costear los tratamientos. \u201cEn el privado, los tratamientos son inaccesibles\u201d, afirm\u00f3.<\/p>\n<p style=\"text-align: justify\">Detall\u00f3 que una consulta especializada para un paciente con c\u00e1ncer cuesta entre Bs 300 y Bs 500, una quimioterapia puede llegar a Bs 45.000, porque el medicamento demanda unos Bs 30.000 y la aplicaci\u00f3n unos Bs 15.000.<\/p>\n<p style=\"text-align: justify\">\u201cNuevamente nos hemos declarado en emergencia, porque se est\u00e1n perdiendo vidas\u201d, advirti\u00f3, al informar que se reunieron con pacientes renales para definir acciones frente a los paros.<\/p>\n<p style=\"text-align: justify\">Cuestion\u00f3 adem\u00e1s la indiferencia de las autoridades. \u201cBrillan por su ausencia. No tenemos ni una sola palabra sobre esta situaci\u00f3n. El alcalde dice que los paros son injustificados, pero al final no se hace m\u00e1s nada. Lo \u00fanico que vemos todos los d\u00edas son pacientes afectados\u201d, lament\u00f3.<\/p>\n<p style=\"text-align: justify\">En otros hospitales<\/p>\n<p style=\"text-align: justify\">La situaci\u00f3n se repite en otros nosocomios, donde la poblaci\u00f3n tambi\u00e9n se ve seriamente afectada por los paros.<\/p>\n<p style=\"text-align: justify\">En el Mario Ortiz, si bien se activ\u00f3 un plan de contingencia, la atenci\u00f3n resulta insuficiente frente a la alta demanda.<\/p>\n<p style=\"text-align: justify\">La semana pasada, un comunicado en la puerta del establecimiento informaba que, por d\u00eda, solo se entregar\u00edan 50 fichas para electroencefalogramas, mientras que otros estudios fueron suspendidos.<\/p>\n<p style=\"text-align: justify\">\u201cTenemos que hacer fila durante 24 horas. Eso deben darse cuenta las autoridades. Hay se\u00f1oras con sus ni\u00f1os enfermos en la fila. Las autoridades tienen que entender que eso no es normal\u201d, expres\u00f3 un padre de familia.<\/p>\n<p style=\"text-align: justify\">Sigue el paro de trabajadores<\/p>\n<p style=\"text-align: justify\">Este martes, tras una reuni\u00f3n con autoridades de la Secretar\u00eda de Salud, la Federaci\u00f3n de Sindicatos de Ramas M\u00e9dicas de Salud P\u00fablica (Fesirmes) determin\u00f3 declarar un cuarto intermedio en sus medidas de presi\u00f3n. Sin embargo, los trabajadores de salud mantienen el paro de 96 horas, que se extender\u00e1 hasta el jueves, por lo que la atenci\u00f3n continuar\u00e1 suspendida en el sistema p\u00fablico durante lo que resta de la semana.<\/p>\n<p style=\"text-align: justify\">Al respecto, el secretario departamental de Salud y Desarrollo Humano, Edil Toledo, pidi\u00f3 levantar las medidas de presi\u00f3n y lament\u00f3 que el conflicto, originado por la exigencia del pago de salarios al municipio, termine afectando la atenci\u00f3n en los tres niveles del sistema de salud.<\/p>\n<p style=\"text-align: justify\">Por su parte, el alcalde calific\u00f3 de injustificadas las medidas asumidas por el sector. Asegur\u00f3 que los pagos est\u00e1n garantizados y que la Alcald\u00eda contin\u00faa cumpliendo con sus obligaciones. \u201cNunca se les ha dejado de pagar. Nunca. Pero ellos dejan de trabajar y cobran\u201d, afirm\u00f3.<\/p>\n<p style=\"text-align: justify\">La autoridad municipal explic\u00f3 que el 40% del presupuesto municipal est\u00e1 destinado al sector salud, principalmente al pago de salarios, pese que los funcionarios y profesionales no cumplen con sus funciones.<\/p>\n","protected":false},"excerpt":{"rendered":"<p>El bolsillo vac\u00edo y la necesidad hacen que el dolor se transforme en agon\u00eda en las puertas y pasillos de los hospitales p\u00fablicos. Mientras los paros en el sistema de salud se prolongan, miles de pacientes siguen atrapados en una espera que, en muchos casos, puede costarles la vida. Hay pacientes que llevan meses aguardando [&hellip;]<\/p>\n","protected":false},"author":1,"featured_media":83667,"comment_status":"closed","ping_status":"open","sticky":false,"template":"","format":"standard","meta":{"footnotes":""},"categories":[53],"tags":[],"class_list":{"0":"post-83666","1":"post","2":"type-post","3":"status-publish","4":"format-standard","5":"has-post-thumbnail","7":"category-salud"},"_links":{"self":[{"href":"https:\/\/jms.com.bo\/mediamonitor\/wp-json\/wp\/v2\/posts\/83666","targetHints":{"allow":["GET"]}}],"collection":[{"href":"https:\/\/jms.com.bo\/mediamonitor\/wp-json\/wp\/v2\/posts"}],"about":[{"href":"https:\/\/jms.com.bo\/mediamonitor\/wp-json\/wp\/v2\/types\/post"}],"author":[{"embeddable":true,"href":"https:\/\/jms.com.bo\/mediamonitor\/wp-json\/wp\/v2\/users\/1"}],"replies":[{"embeddable":true,"href":"https:\/\/jms.com.bo\/mediamonitor\/wp-json\/wp\/v2\/comments?post=83666"}],"version-history":[{"count":0,"href":"https:\/\/jms.com.bo\/mediamonitor\/wp-json\/wp\/v2\/posts\/83666\/revisions"}],"wp:featuredmedia":[{"embeddable":true,"href":"https:\/\/jms.com.bo\/mediamonitor\/wp-json\/wp\/v2\/media\/83667"}],"wp:attachment":[{"href":"https:\/\/jms.com.bo\/mediamonitor\/wp-json\/wp\/v2\/media?parent=83666"}],"wp:term":[{"taxonomy":"category","embeddable":true,"href":"https:\/\/jms.com.bo\/mediamonitor\/wp-json\/wp\/v2\/categories?post=83666"},{"taxonomy":"post_tag","embeddable":true,"href":"https:\/\/jms.com.bo\/mediamonitor\/wp-json\/wp\/v2\/tags?post=83666"}],"curies":[{"name":"wp","href":"https:\/\/api.w.org\/{rel}","templated":true}]}}